{"id":738,"date":"2024-11-08T15:06:13","date_gmt":"2024-11-08T18:06:13","guid":{"rendered":"http:\/\/cerebrodedireita.com\/?p=738"},"modified":"2024-11-08T15:06:19","modified_gmt":"2024-11-08T18:06:19","slug":"resumo-do-livro-brasil-polifonico-os-evangelicos-e-as-estruturas-de-poder","status":"publish","type":"post","link":"https:\/\/cerebrodedireita.com\/?p=738","title":{"rendered":"RESUMO DO LIVRO: BRASIL POLIF\u00d4NICO (OS EVANG\u00c9LICOS E AS ESTRUTURAS DE PODER)"},"content":{"rendered":"\n<p>A obra &#8220;BRASIL POLIF\u00d4NICO &#8211; Os Evang\u00e9licos e as Estruturas de Poder&#8221; escrito pelo autor Davi Lago, \u00e9 de suma import\u00e2ncia para entendermos como as influ\u00eancias que a tradi\u00e7\u00e3o judaico-crist\u00e3 e a Reforma Protestante oferecem uma estrutura jur\u00eddica e pol\u00edtica ocidental.<br><br>Em seu livro, o autor organiza e respalda seus argumentos nos fundamentos conceituais de Estado Democr\u00e1tico de Direito, a Declara\u00e7\u00e3o Universal dos Direitos Humanos e Liberdade Religiosa &#8211; bem como, os acontecimentos hist\u00f3ricos que condizem e influenciam uma sociedade para a busca (ou n\u00e3o) de uma VERDADEIRA DEMOCRACIA.<\/p>\n\n\n\n<p>J\u00e1 no primeiro cap\u00edtulo lemos: <em>&#8220;A voz evang\u00e9lica \u00e9 agora incontorn\u00e1vel na arena p\u00fablica nacional. Por um lado, os projetos pol\u00edticos nacionais n\u00e3o podem mais ser pensados e realizados ignorando o grupo religioso ao qual pertence um ter\u00e7o dos brasileiros. Por outro lado, as comunidades evang\u00e9licas n\u00e3o podem mais agir como se o pa\u00eds n\u00e3o importasse ou se comportar como se fossem as minorias de tempos passados. \u00c9 HORA DE ASSUMIR RESPONSABILIDADES.&#8221; (P\u00e1g. 33 e 34).<\/em><\/p>\n\n\n\n<p><em>&#8220;[&#8230;] os evang\u00e9licos n\u00e3o mais podem se comportar como se o Brasil n\u00e3o lhes dissesse respeito e as elites brasileiras n\u00e3o podem mais fazer uma leitura infantil do protestantismo.&#8221; (P\u00e1g. 34)<\/em><br><br>Sabemos que, atualmente, os evang\u00e9licos t\u00eam grande peso no cen\u00e1rio nacional. Da mesma forma, precisamos ter um claro entendimento das reais bases jur\u00eddicas, filos\u00f3ficas e sociol\u00f3gicas que fundamentam nossa estrutura civilizacional. Tal conhecimento se faz necess\u00e1rio para que o debate pol\u00edtico n\u00e3o fique a merc\u00ea de fal\u00e1cias Ideol\u00f3gicas e oportunistas, polariza\u00e7\u00f5es que n\u00e3o levam a lugar algum e por fim, por\u00e9m n\u00e3o menos importante, a merc\u00ea de demagogos com projetos obscuros de poder.<\/p>\n\n\n\n<p>O autor tamb\u00e9m relata sobre a influ\u00eancia exercida por uma m\u00eddia parcial e totalmente desvinculada do seu verdadeiro e primordial objetivo, que \u00e9 o de informar a popula\u00e7\u00e3o e n\u00e3o DESINFORMAR a mesma. Presenciamos uma m\u00eddia que fragmenta o conhecimento, deturpa a verdade e manipula a informa\u00e7\u00e3o, ou seja, que nos esconde a verdade.<\/p>\n\n\n\n<p>No decorrer da leitura, o autor cita alguns vers\u00edculos b\u00edblicos, dentre eles:<br>Mateus 22:2 &#8220;Responderam: De C\u00e9sar. Ent\u00e3o lhes disse: Dai, pois, a C\u00e9sar o que \u00e9 de C\u00e9sar, e a Deus o que \u00e9 de Deus.&#8221; e Romanos 13:7 &#8220;Dai a cada um o que lhe \u00e9 devido: a quem tributo, tributo; a quem imposto, imposto; a quem temor, temor; a quem honra, honra.&#8221; &#8211; sedimentando, ent\u00e3o, sua afirma\u00e7\u00e3o acerca do nascimento do Estado laico no cristianismo. E a partir de s\u00f3lidos argumentos, ele tra\u00e7a uma linha do tempo &#8211; contextualizando historicamente &#8211; como a f\u00e9 crist\u00e3 contribuiu para o estabelecimento da laicidade do Estado.<\/p>\n\n\n\n<p>De forma brilhante, o autor come\u00e7a a expor os projetos que, atrav\u00e9s de marcos hist\u00f3ricos &#8211; desde o iluminismo, passando pelo marxismo e atualmente os projetos que representam as &#8220;coletividades&#8221; &#8211; t\u00eam influenciado de maneira contundente em nossa sociedade.<\/p>\n\n\n\n<p>No cap\u00edtulo 6, intitulado como: &#8220;F\u00e9, Raz\u00e3o e Di\u00e1logo&#8221; &#8211; Davi Lago nos mostra a rela\u00e7\u00e3o e a import\u00e2ncia desses tr\u00eas elementos na condu\u00e7\u00e3o do debate pol\u00edtico e na identifica\u00e7\u00e3o de projetos de poder, que podem acabar com a democracia de uma na\u00e7\u00e3o. Visto que, est\u00e1 em nossas m\u00e3os o poder de decidir quem ser\u00e3o nossos governantes.<\/p>\n\n\n\n<p><em>&#8220;Al\u00e9m de cobrarmos honestidade dos pol\u00edticos, \u00e9 necess\u00e1rio cobrarmos honestidade intelectual de n\u00f3s mesmos.&#8221; (P\u00e1g. 147)<\/em><\/p>\n\n\n\n<p>Para finalizar, entendemos que n\u00e3o h\u00e1 separa\u00e7\u00e3o entre atividade pol\u00edtica e pessoas que professam um credo religioso. Nenhum cidad\u00e3o pode ter seus direitos civis e pol\u00edticos castrados ou cerceados pelo fato de ser religioso e, de igual maneira, nenhum cidad\u00e3o pode ser discriminado em raz\u00e3o da sua cren\u00e7a religiosa. E diante do complexo tecido social, no qual vivemos, a laicidade do Estado e a liberdade religiosa constituem a base essencial para os debates racionais e produtivos.\u00a0<\/p>\n\n\n\n<p><\/p>\n","protected":false},"excerpt":{"rendered":"<p>A obra &#8220;BRASIL POLIF\u00d4NICO &#8211; Os Evang\u00e9licos e as Estruturas de Poder&#8221; escrito pelo autor Davi Lago, \u00e9 de suma import\u00e2ncia para entendermos como as influ\u00eancias que a tradi\u00e7\u00e3o judaico-crist\u00e3 e a Reforma Protestante&#8230;<\/p>\n","protected":false},"author":2,"featured_media":739,"comment_status":"open","ping_status":"open","sticky":false,"template":"","format":"standard","meta":{"footnotes":""},"categories":[2],"tags":[67,68,72,61,63,66],"class_list":["post-738","post","type-post","status-publish","format-standard","has-post-thumbnail","hentry","category-politica-e-religiao","tag-cidadania","tag-cristao","tag-cultura","tag-politica","tag-religiao","tag-sociedade"],"_links":{"self":[{"href":"https:\/\/cerebrodedireita.com\/index.php?rest_route=\/wp\/v2\/posts\/738","targetHints":{"allow":["GET"]}}],"collection":[{"href":"https:\/\/cerebrodedireita.com\/index.php?rest_route=\/wp\/v2\/posts"}],"about":[{"href":"https:\/\/cerebrodedireita.com\/index.php?rest_route=\/wp\/v2\/types\/post"}],"author":[{"embeddable":true,"href":"https:\/\/cerebrodedireita.com\/index.php?rest_route=\/wp\/v2\/users\/2"}],"replies":[{"embeddable":true,"href":"https:\/\/cerebrodedireita.com\/index.php?rest_route=%2Fwp%2Fv2%2Fcomments&post=738"}],"version-history":[{"count":1,"href":"https:\/\/cerebrodedireita.com\/index.php?rest_route=\/wp\/v2\/posts\/738\/revisions"}],"predecessor-version":[{"id":740,"href":"https:\/\/cerebrodedireita.com\/index.php?rest_route=\/wp\/v2\/posts\/738\/revisions\/740"}],"wp:featuredmedia":[{"embeddable":true,"href":"https:\/\/cerebrodedireita.com\/index.php?rest_route=\/wp\/v2\/media\/739"}],"wp:attachment":[{"href":"https:\/\/cerebrodedireita.com\/index.php?rest_route=%2Fwp%2Fv2%2Fmedia&parent=738"}],"wp:term":[{"taxonomy":"category","embeddable":true,"href":"https:\/\/cerebrodedireita.com\/index.php?rest_route=%2Fwp%2Fv2%2Fcategories&post=738"},{"taxonomy":"post_tag","embeddable":true,"href":"https:\/\/cerebrodedireita.com\/index.php?rest_route=%2Fwp%2Fv2%2Ftags&post=738"}],"curies":[{"name":"wp","href":"https:\/\/api.w.org\/{rel}","templated":true}]}}