{"id":678,"date":"2024-02-08T13:00:00","date_gmt":"2024-02-08T16:00:00","guid":{"rendered":"http:\/\/cerebrodedireita.com\/?p=678"},"modified":"2024-02-05T00:33:26","modified_gmt":"2024-02-05T03:33:26","slug":"maconha-medicinal-parte-2","status":"publish","type":"post","link":"https:\/\/cerebrodedireita.com\/?p=678","title":{"rendered":"MACONHA MEDICINAL? (Parte 2)"},"content":{"rendered":"\n<figure class=\"wp-block-image size-full is-resized\"><img loading=\"lazy\" decoding=\"async\" width=\"465\" height=\"600\" src=\"http:\/\/cerebrodedireita.com\/wp-content\/uploads\/2024\/02\/Foto-1.jpg\" alt=\"\" class=\"wp-image-724\" style=\"width:241px;height:auto\" srcset=\"https:\/\/cerebrodedireita.com\/wp-content\/uploads\/2024\/02\/Foto-1.jpg 465w, https:\/\/cerebrodedireita.com\/wp-content\/uploads\/2024\/02\/Foto-1-233x300.jpg 233w\" sizes=\"auto, (max-width: 465px) 100vw, 465px\" \/><\/figure>\n\n\n\n<p><\/p>\n\n\n\n<p>O Conselho Federal de Medicina e a Associa\u00e7\u00e3o Brasileira de Psiquiatria posicionou-se contr\u00e1rio \u00e0 regula\u00e7\u00e3o do plantio de CANNABIS com \u201cfins medicinais\u201d. Desde 2013 v\u00e1rios pa\u00edses legalizaram a maconha. Uruguai (2013), EUA (2014), Israel (2019), M\u00e9xico (2021), dentre outros. E pouco a pouco, a cannabis vai sendo banalizada e entrando em cada etapa da vida das pessoas, eliminando a percep\u00e7\u00e3o de risco sobre a droga.<\/p>\n\n\n\n<figure class=\"wp-block-image size-full is-resized\"><img loading=\"lazy\" decoding=\"async\" width=\"511\" height=\"390\" src=\"http:\/\/cerebrodedireita.com\/wp-content\/uploads\/2024\/02\/Foto-2.jpg\" alt=\"\" class=\"wp-image-703\" style=\"width:302px;height:auto\" srcset=\"https:\/\/cerebrodedireita.com\/wp-content\/uploads\/2024\/02\/Foto-2.jpg 511w, https:\/\/cerebrodedireita.com\/wp-content\/uploads\/2024\/02\/Foto-2-300x229.jpg 300w\" sizes=\"auto, (max-width: 511px) 100vw, 511px\" \/><\/figure>\n\n\n\n<p><\/p>\n\n\n\n<figure class=\"wp-block-image size-full is-resized\"><img loading=\"lazy\" decoding=\"async\" width=\"572\" height=\"258\" src=\"http:\/\/cerebrodedireita.com\/wp-content\/uploads\/2024\/02\/Foto-3.jpg\" alt=\"\" class=\"wp-image-700\" style=\"width:352px;height:auto\" srcset=\"https:\/\/cerebrodedireita.com\/wp-content\/uploads\/2024\/02\/Foto-3.jpg 572w, https:\/\/cerebrodedireita.com\/wp-content\/uploads\/2024\/02\/Foto-3-300x135.jpg 300w\" sizes=\"auto, (max-width: 572px) 100vw, 572px\" \/><\/figure>\n\n\n\n<p><\/p>\n\n\n\n<p>Como j\u00e1 citado acima, estudos cient\u00edficos deixam expl\u00edcito que a maconha possui efeitos desastrosos \u00e0 sa\u00fade.<\/p>\n\n\n\n<p>An\u00e1lises sobre a erva revelam que apenas DUAS, das mais de 400 subst\u00e2ncias que existem na maconha, TALVEZ possam ser utilizadas para fins medicinais. <strong>THC (Tetrahidrocanabinol) e CBD (Canabidiol). <em>Essas duas subst\u00e2ncias podem ser sintetizadas quimicamente em laborat\u00f3rios.<\/em><\/strong><\/p>\n\n\n\n<p>O THC \u00e9 a subst\u00e2ncia que causa a famosa \u201conda\u201d da maconha, com alucina\u00e7\u00f5es e relaxamento \u2013 mas tamb\u00e9m causa a depend\u00eancia e os principais danos, como citados no artigo anterior.&nbsp;<\/p>\n\n\n\n<p>O CBD \u00e9 o principal componente, que n\u00e3o d\u00e1 \u201conda\u201d, n\u00e3o causa depend\u00eancia e proporciona os maiores benef\u00edcios. Para ingerir essa subst\u00e2ncia, a pessoa n\u00e3o precisa fumar a maconha, pois a mesma pode ser retirada da erva e sintetizada quimicamente em laborat\u00f3rio<strong><em>. Essa \u00e9 o ponto que os apologistas da droga fazem quest\u00e3o de n\u00e3o divulgar.<\/em><\/strong><\/p>\n\n\n\n<h2 class=\"wp-block-heading\"><strong><em>Os favor\u00e1veis \u00e0 descriminaliza\u00e7\u00e3o da droga buscam entendimentos distorcidos da realidade para justificar seu uso.<\/em><\/strong><\/h2>\n\n\n\n<p>Inclusive, no dia 3 de dezembro de 2019, a ANVISA regulamentou o que chamou de <strong>\u201cmaconha medicinal\u201d<\/strong>.<\/p>\n\n\n\n<figure class=\"wp-block-image size-full is-resized\"><img loading=\"lazy\" decoding=\"async\" width=\"652\" height=\"304\" src=\"http:\/\/cerebrodedireita.com\/wp-content\/uploads\/2024\/02\/Aprovacao-ANVISA.png\" alt=\"\" class=\"wp-image-691\" style=\"width:541px;height:auto\" srcset=\"https:\/\/cerebrodedireita.com\/wp-content\/uploads\/2024\/02\/Aprovacao-ANVISA.png 652w, https:\/\/cerebrodedireita.com\/wp-content\/uploads\/2024\/02\/Aprovacao-ANVISA-300x140.png 300w\" sizes=\"auto, (max-width: 652px) 100vw, 652px\" \/><\/figure>\n\n\n\n<p><\/p>\n\n\n\n<p>Que fique bem claro: maconha medicinal N\u00c3O EXISTE, o que existe s\u00e3o rem\u00e9dios feitos \u00e0 base de canabinoides. Como tamb\u00e9m j\u00e1 citada a famosa frase Keith Stroup: <strong>\u201cA maconha medicinal \u00e9 s\u00f3 um bom nome para a maconha\u201d<\/strong><\/p>\n\n\n\n<h2 class=\"wp-block-heading\"><strong><em>N\u00e3o precisamos legalizar a maconha para ter os benef\u00edcios terap\u00eauticos da Cannabis<\/em><\/strong>.<\/h2>\n\n\n\n<p><strong>O que est\u00e1 acontecendo nos pa\u00edses que liberaram a maconha e o que podemos aprender com esses exemplos.<\/strong><\/p>\n\n\n\n<ul class=\"wp-block-list\">\n<li><strong><em><u>Estados Unidos<\/u><\/em><\/strong><\/li>\n<\/ul>\n\n\n\n<p>Dois estados americanos merecem um destaque maior nesse assunto: Calif\u00f3rnia e Colorado. Incont\u00e1veis reportagens e pesquisas mostram que a legaliza\u00e7\u00e3o da droga no estado, \u00e9 uma completa desgra\u00e7a. A clandestinidade e os mercados ilegais aumentaram.&nbsp;<\/p>\n\n\n\n<figure class=\"wp-block-image size-full is-resized\"><img loading=\"lazy\" decoding=\"async\" width=\"595\" height=\"880\" src=\"http:\/\/cerebrodedireita.com\/wp-content\/uploads\/2024\/02\/Materia-Gazeta-do-Povo-2.jpeg\" alt=\"\" class=\"wp-image-694\" style=\"width:298px;height:auto\" srcset=\"https:\/\/cerebrodedireita.com\/wp-content\/uploads\/2024\/02\/Materia-Gazeta-do-Povo-2.jpeg 595w, https:\/\/cerebrodedireita.com\/wp-content\/uploads\/2024\/02\/Materia-Gazeta-do-Povo-2-203x300.jpeg 203w\" sizes=\"auto, (max-width: 595px) 100vw, 595px\" \/><\/figure>\n\n\n\n<p><\/p>\n\n\n\n<figure class=\"wp-block-image size-full is-resized\"><img loading=\"lazy\" decoding=\"async\" width=\"597\" height=\"733\" src=\"http:\/\/cerebrodedireita.com\/wp-content\/uploads\/2024\/02\/Materia-Forbes-Brasil.jpeg\" alt=\"\" class=\"wp-image-705\" style=\"width:298px;height:auto\" srcset=\"https:\/\/cerebrodedireita.com\/wp-content\/uploads\/2024\/02\/Materia-Forbes-Brasil.jpeg 597w, https:\/\/cerebrodedireita.com\/wp-content\/uploads\/2024\/02\/Materia-Forbes-Brasil-244x300.jpeg 244w\" sizes=\"auto, (max-width: 597px) 100vw, 597px\" \/><\/figure>\n\n\n\n<p><\/p>\n\n\n\n<p>Atualmente, a Calif\u00f3rnia vive sua maior crise econ\u00f4mica, social e pol\u00edtica. Ber\u00e7o de grandes empresas de tecnologia do mundo, 25% da popula\u00e7\u00e3o de rua dos EUA vive na Calif\u00f3rnia. Um estado que era famoso por sua riqueza e glamour, hoje \u00e9 conhecido por uma alta taxa de criminalidade, pobreza e drogas. Dados do NYC Department of Finance mostram um grande \u00eaxodo na popula\u00e7\u00e3o, de 2020 a 2021, de quase 250 mil pessoas que se mudaram da Calif\u00f3rnia.&nbsp;<strong>Pol\u00edticas P\u00fablicas benevolentes com o crime e a legaliza\u00e7\u00e3o da maconha, contribuem para o fracasso que a Calif\u00f3rnia est\u00e1 se tornando.<\/strong><\/p>\n\n\n\n<p>Em Colorado, o FBI registrou, logo ap\u00f3s a legaliza\u00e7\u00e3o da droga, um grande aumento no \u00edndice de crimes. Outros relatos apontam que as medidas das autoridades locais acabaram por fortalecer o mercado negro.<\/p>\n\n\n\n<figure class=\"wp-block-image size-full is-resized\"><img loading=\"lazy\" decoding=\"async\" width=\"595\" height=\"696\" src=\"http:\/\/cerebrodedireita.com\/wp-content\/uploads\/2024\/02\/Agencia-Brasil.jpeg\" alt=\"\" class=\"wp-image-707\" style=\"width:299px;height:auto\" srcset=\"https:\/\/cerebrodedireita.com\/wp-content\/uploads\/2024\/02\/Agencia-Brasil.jpeg 595w, https:\/\/cerebrodedireita.com\/wp-content\/uploads\/2024\/02\/Agencia-Brasil-256x300.jpeg 256w\" sizes=\"auto, (max-width: 595px) 100vw, 595px\" \/><\/figure>\n\n\n\n<p><\/p>\n\n\n\n<ul class=\"wp-block-list\">\n<li><strong><em><u>Holanda<\/u><\/em><\/strong><\/li>\n<\/ul>\n\n\n\n<figure class=\"wp-block-image size-full is-resized\"><img loading=\"lazy\" decoding=\"async\" width=\"777\" height=\"233\" src=\"http:\/\/cerebrodedireita.com\/wp-content\/uploads\/2024\/02\/Jornal-El-Pais-.png\" alt=\"\" class=\"wp-image-709\" style=\"width:471px;height:auto\" srcset=\"https:\/\/cerebrodedireita.com\/wp-content\/uploads\/2024\/02\/Jornal-El-Pais-.png 777w, https:\/\/cerebrodedireita.com\/wp-content\/uploads\/2024\/02\/Jornal-El-Pais--300x90.png 300w, https:\/\/cerebrodedireita.com\/wp-content\/uploads\/2024\/02\/Jornal-El-Pais--768x230.png 768w\" sizes=\"auto, (max-width: 777px) 100vw, 777px\" \/><\/figure>\n\n\n\n<p><\/p>\n\n\n\n<p>A Holanda \u00e9 conhecida como a capital das drogas da Europa. A flexibiliza\u00e7\u00e3o das drogas ocorreu no ano de 1976 e at\u00e9 ent\u00e3o, o maior beneficiado foi o crime organizado. O poder de fogo dos traficantes s\u00f3 aumenta e a pol\u00edcia local alerta que as gangues est\u00e3o agindo livremente, sem que o Estado tenha meios de estancar a viol\u00eancia gerada pelo tr\u00e1fico.<\/p>\n\n\n\n<figure class=\"wp-block-image size-full is-resized\"><img loading=\"lazy\" decoding=\"async\" width=\"596\" height=\"602\" src=\"http:\/\/cerebrodedireita.com\/wp-content\/uploads\/2024\/02\/BBC-News-Brasil.jpeg\" alt=\"\" class=\"wp-image-710\" style=\"width:314px;height:auto\" srcset=\"https:\/\/cerebrodedireita.com\/wp-content\/uploads\/2024\/02\/BBC-News-Brasil.jpeg 596w, https:\/\/cerebrodedireita.com\/wp-content\/uploads\/2024\/02\/BBC-News-Brasil-297x300.jpeg 297w\" sizes=\"auto, (max-width: 596px) 100vw, 596px\" \/><\/figure>\n\n\n\n<p><\/p>\n\n\n\n<p>A economia do pa\u00eds vem sendo impactada negativamente e v\u00e1rios coffeshops j\u00e1 foram fechados por press\u00e3o do governo. As autoridades holandesas voltaram atr\u00e1s em suas decis\u00f5es de flexibiliza\u00e7\u00e3o da maconha e passaram a classific\u00e1-la como uma subst\u00e2ncia nociva. Al\u00e9m de refrear o turismo de pessoas que v\u00e3o ao pa\u00eds somente para consumir a droga, que por sua vez, ajudam no crescimento do tr\u00e1fico no pa\u00eds.<\/p>\n\n\n\n<figure class=\"wp-block-image size-full is-resized\"><img loading=\"lazy\" decoding=\"async\" width=\"588\" height=\"670\" src=\"http:\/\/cerebrodedireita.com\/wp-content\/uploads\/2024\/02\/CNN-Brasil-VG.jpeg\" alt=\"\" class=\"wp-image-711\" style=\"width:354px;height:auto\" srcset=\"https:\/\/cerebrodedireita.com\/wp-content\/uploads\/2024\/02\/CNN-Brasil-VG.jpeg 588w, https:\/\/cerebrodedireita.com\/wp-content\/uploads\/2024\/02\/CNN-Brasil-VG-263x300.jpeg 263w\" sizes=\"auto, (max-width: 588px) 100vw, 588px\" \/><\/figure>\n\n\n\n<p><\/p>\n\n\n\n<ul class=\"wp-block-list\">\n<li><strong><em><u>Portugal<\/u><\/em><\/strong><\/li>\n<\/ul>\n\n\n\n<p>Em Portugal, todas as drogas foram descriminalizadas em 2001. Pesquisas de um instituto europeu (ESPAD Report), com adolescentes de 15 a 16 anos, mostrou um aumento expressivo no consumo de maconha entre 1999 e 2011: \u201cA mortalidade relacionada com consumo de drogas voltou a aumentar em Portugal, com o n\u00famero de \u2018overdoses\u2019 a subir pelo terceiro ano seguido.\u201d<\/p>\n\n\n\n<h2 class=\"wp-block-heading\"><strong><em>A maconha serve como porta de entrada para outras drogas<\/em><\/strong>.<\/h2>\n\n\n\n<p>O Di\u00e1rio de Not\u00edcias de Portugal relata que nos seis anos ap\u00f3s a descriminaliza\u00e7\u00e3o, registrou-se um aumento de: 37% NO USO DE CANNABIS, 215% COCA\u00cdNA, 57.5% HERO\u00cdNA E DE 85% ECSTASY. Segundo o Relat\u00f3rio Mundial da Droga feito pela ONU, o aumento de 40% (desde 2021) dos homic\u00eddios em Portugal, est\u00e1 relacionado ao uso das drogas. Ali\u00e1s, \u00e9 importante ressaltar que as interna\u00e7\u00f5es por surtos psic\u00f3ticos ou esquizofrenia ligados \u00e0 cannabis, cresceram 30 vezes no pa\u00eds nos \u00faltimos 15 anos.<\/p>\n\n\n\n<figure class=\"wp-block-image size-full is-resized\"><img loading=\"lazy\" decoding=\"async\" width=\"590\" height=\"469\" src=\"http:\/\/cerebrodedireita.com\/wp-content\/uploads\/2024\/02\/UNIAD.jpeg\" alt=\"\" class=\"wp-image-715\" style=\"width:295px;height:auto\" srcset=\"https:\/\/cerebrodedireita.com\/wp-content\/uploads\/2024\/02\/UNIAD.jpeg 590w, https:\/\/cerebrodedireita.com\/wp-content\/uploads\/2024\/02\/UNIAD-300x238.jpeg 300w\" sizes=\"auto, (max-width: 590px) 100vw, 590px\" \/><\/figure>\n\n\n\n<p><\/p>\n\n\n\n<figure class=\"wp-block-image size-full is-resized\"><img loading=\"lazy\" decoding=\"async\" width=\"592\" height=\"728\" src=\"http:\/\/cerebrodedireita.com\/wp-content\/uploads\/2024\/02\/Folha-de-Sao-Paulo.jpeg\" alt=\"\" class=\"wp-image-716\" style=\"width:274px;height:auto\" srcset=\"https:\/\/cerebrodedireita.com\/wp-content\/uploads\/2024\/02\/Folha-de-Sao-Paulo.jpeg 592w, https:\/\/cerebrodedireita.com\/wp-content\/uploads\/2024\/02\/Folha-de-Sao-Paulo-244x300.jpeg 244w\" sizes=\"auto, (max-width: 592px) 100vw, 592px\" \/><\/figure>\n\n\n\n<p><\/p>\n\n\n\n<figure class=\"wp-block-image size-full is-resized\"><img loading=\"lazy\" decoding=\"async\" width=\"597\" height=\"643\" src=\"http:\/\/cerebrodedireita.com\/wp-content\/uploads\/2024\/02\/Gazeta-do-Povo.jpeg\" alt=\"\" class=\"wp-image-717\" style=\"width:273px;height:auto\" srcset=\"https:\/\/cerebrodedireita.com\/wp-content\/uploads\/2024\/02\/Gazeta-do-Povo.jpeg 597w, https:\/\/cerebrodedireita.com\/wp-content\/uploads\/2024\/02\/Gazeta-do-Povo-279x300.jpeg 279w\" sizes=\"auto, (max-width: 597px) 100vw, 597px\" \/><\/figure>\n\n\n\n<p><\/p>\n\n\n\n<ul class=\"wp-block-list\">\n<li><strong><u><em>Uruguai<\/em><\/u><\/strong><\/li>\n<\/ul>\n\n\n\n<p>Em 2013, o Uruguai legalizou a produ\u00e7\u00e3o, distribui\u00e7\u00e3o e consumo da maconha. No print da reportagem abaixo, observamos que houve um crescimento de 66% no \u00edndice de pessoas que declararam ter consumido a erva e entre os adultos de 55 a 65 anos, o crescimento foi de 229%.<\/p>\n\n\n\n<figure class=\"wp-block-image size-full is-resized\"><img loading=\"lazy\" decoding=\"async\" width=\"454\" height=\"641\" src=\"http:\/\/cerebrodedireita.com\/wp-content\/uploads\/2024\/02\/1-Gazeta-do-Povo-.png\" alt=\"\" class=\"wp-image-719\" style=\"width:269px;height:auto\" srcset=\"https:\/\/cerebrodedireita.com\/wp-content\/uploads\/2024\/02\/1-Gazeta-do-Povo-.png 454w, https:\/\/cerebrodedireita.com\/wp-content\/uploads\/2024\/02\/1-Gazeta-do-Povo--212x300.png 212w\" sizes=\"auto, (max-width: 454px) 100vw, 454px\" \/><\/figure>\n\n\n\n<p><\/p>\n\n\n\n<figure class=\"wp-block-image size-full is-resized\"><img loading=\"lazy\" decoding=\"async\" width=\"437\" height=\"564\" src=\"http:\/\/cerebrodedireita.com\/wp-content\/uploads\/2024\/02\/2-Gazeta-do-Povo.png\" alt=\"\" class=\"wp-image-720\" style=\"width:307px;height:auto\" srcset=\"https:\/\/cerebrodedireita.com\/wp-content\/uploads\/2024\/02\/2-Gazeta-do-Povo.png 437w, https:\/\/cerebrodedireita.com\/wp-content\/uploads\/2024\/02\/2-Gazeta-do-Povo-232x300.png 232w\" sizes=\"auto, (max-width: 437px) 100vw, 437px\" \/><\/figure>\n\n\n\n<p><\/p>\n\n\n\n<figure class=\"wp-block-image size-full is-resized\"><img loading=\"lazy\" decoding=\"async\" width=\"389\" height=\"541\" src=\"http:\/\/cerebrodedireita.com\/wp-content\/uploads\/2024\/02\/Noticias-UOL.png\" alt=\"\" class=\"wp-image-721\" style=\"width:297px;height:auto\" srcset=\"https:\/\/cerebrodedireita.com\/wp-content\/uploads\/2024\/02\/Noticias-UOL.png 389w, https:\/\/cerebrodedireita.com\/wp-content\/uploads\/2024\/02\/Noticias-UOL-216x300.png 216w\" sizes=\"auto, (max-width: 389px) 100vw, 389px\" \/><\/figure>\n\n\n\n<p><\/p>\n\n\n\n<p>A principal consequ\u00eancia em torno da narrativa do lobby da maconha, s\u00e3o os altos valores morais pagos pela sociedade. Uma vez que o senso comum, a m\u00eddia e a pr\u00f3pria cultura banalizam o entendimento sobre o mal que a maconha traz, o ser humano perde a sua capacidade produtiva, acarretando em uma baixa (ou quase nula) capacidade laboral, gerando mais custos \u00e0 sa\u00fade p\u00fablica e \u00e0 seguridade social e claro, uma destrui\u00e7\u00e3o das fam\u00edlias e da pr\u00f3pria pessoa.<\/p>\n\n\n\n<p><strong>Os lobistas da maconha n\u00e3o se importam com a vida das pessoas envolvidas no v\u00edcio das drogas. Tudo se refere a projetos de poder e a dinheiro. Legalizando ou n\u00e3o, o tr\u00e1fico vai financiar uma vertente ideol\u00f3gica que beneficie a eles \u2013 e sempre v\u00e3o apostar na destrui\u00e7\u00e3o da fam\u00edlia. A fam\u00edlia \u00e9 a base que sustenta a sociedade e a faz permanecer coesa.<\/strong>&nbsp;<\/p>\n\n\n\n<p>Bibliografia:<\/p>\n\n\n\n<p>Os links est\u00e3o nas pr\u00f3prias imagens contidas no texto.<\/p>\n","protected":false},"excerpt":{"rendered":"<p>A principal consequ\u00eancia em torno da narrativa do lobby da maconha, s\u00e3o os altos valores morais pagos pela sociedade.<\/p>\n","protected":false},"author":2,"featured_media":733,"comment_status":"open","ping_status":"open","sticky":false,"template":"","format":"standard","meta":{"footnotes":"[]"},"categories":[3],"tags":[67,56,61,66],"class_list":["post-678","post","type-post","status-publish","format-standard","has-post-thumbnail","hentry","category-destaque","tag-cidadania","tag-ideologia","tag-politica","tag-sociedade"],"_links":{"self":[{"href":"https:\/\/cerebrodedireita.com\/index.php?rest_route=\/wp\/v2\/posts\/678","targetHints":{"allow":["GET"]}}],"collection":[{"href":"https:\/\/cerebrodedireita.com\/index.php?rest_route=\/wp\/v2\/posts"}],"about":[{"href":"https:\/\/cerebrodedireita.com\/index.php?rest_route=\/wp\/v2\/types\/post"}],"author":[{"embeddable":true,"href":"https:\/\/cerebrodedireita.com\/index.php?rest_route=\/wp\/v2\/users\/2"}],"replies":[{"embeddable":true,"href":"https:\/\/cerebrodedireita.com\/index.php?rest_route=%2Fwp%2Fv2%2Fcomments&post=678"}],"version-history":[{"count":23,"href":"https:\/\/cerebrodedireita.com\/index.php?rest_route=\/wp\/v2\/posts\/678\/revisions"}],"predecessor-version":[{"id":734,"href":"https:\/\/cerebrodedireita.com\/index.php?rest_route=\/wp\/v2\/posts\/678\/revisions\/734"}],"wp:featuredmedia":[{"embeddable":true,"href":"https:\/\/cerebrodedireita.com\/index.php?rest_route=\/wp\/v2\/media\/733"}],"wp:attachment":[{"href":"https:\/\/cerebrodedireita.com\/index.php?rest_route=%2Fwp%2Fv2%2Fmedia&parent=678"}],"wp:term":[{"taxonomy":"category","embeddable":true,"href":"https:\/\/cerebrodedireita.com\/index.php?rest_route=%2Fwp%2Fv2%2Fcategories&post=678"},{"taxonomy":"post_tag","embeddable":true,"href":"https:\/\/cerebrodedireita.com\/index.php?rest_route=%2Fwp%2Fv2%2Ftags&post=678"}],"curies":[{"name":"wp","href":"https:\/\/api.w.org\/{rel}","templated":true}]}}