{"id":642,"date":"2024-01-11T13:00:00","date_gmt":"2024-01-11T16:00:00","guid":{"rendered":"https:\/\/cerebrodedireita.com\/?p=642"},"modified":"2024-01-03T19:44:29","modified_gmt":"2024-01-03T22:44:29","slug":"maconha-medicinal-parte-1","status":"publish","type":"post","link":"https:\/\/cerebrodedireita.com\/?p=642","title":{"rendered":"MACONHA MEDICINAL? (Parte 1)"},"content":{"rendered":"\n<p>Frequentemente, na m\u00eddia convencional brasileira, vemos novas not\u00edcias sobre o efeito \u201cterap\u00eautico\u201d da \u201cmaconha medicinal\u201d. No entanto, o que devemos observar \u00e9: o que \u00e9 verdade e o que \u00e9 ideologia? O que est\u00e1 por tr\u00e1s de tudo isso? O que a m\u00eddia n\u00e3o quer que voc\u00ea saiba? E qual a finalidade financeira e pol\u00edtica que o lobby da maconha esconde? O que aconteceria se a maconha fosse totalmente legalizada no Brasil? E o que podemos aprender com exemplos internacionais dessa legaliza\u00e7\u00e3o?<\/p>\n\n\n\n<p>Fique comigo na leitura desse artigo e aprenda mais sobre esse tema t\u00e3o pol\u00eamico, respondendo as perguntas acima.<\/p>\n\n\n\n<p><em><strong>Um breve panorama sobre a propaga\u00e7\u00e3o do uso da erva.<\/strong><\/em><\/p>\n\n\n\n<p>Na d\u00e9c. de 60, a forma como a sociedade americana enxergava a maconha, foi vertiginosamente alterada. Em 1969, no festival Woodstock, a propaganda da contracultura criara ra\u00edzes em solo americano e foi dada a largada para romper com os valores tradicionais, aplicando os ensinamentos do marxismo cultural.<\/p>\n\n\n\n<p>No come\u00e7o da d\u00e9c. de 70, cerca de 20% da popula\u00e7\u00e3o americana j\u00e1 era usu\u00e1ria da droga, tendo-a como parte integrante da sociedade. O lobby da maconha se tornara cada vez mais atuante e seus apologistas defendem que a droga n\u00e3o \u00e9 um sin\u00f4nimo de criminalidade e que a erva n\u00e3o pode ser tratada como uma porta de entrada para as drogas mais pesadas. Por fim, seus defensores argumentam que regular a maconha vai acabar com o tr\u00e1fico, com o crime e tamb\u00e9m vai diminuir a taxa de consumo da sociedade.<\/p>\n\n\n\n<p><em><strong>Agora, vamos aos fatos e n\u00fameros. Pois contra fatos, n\u00e3o h\u00e1 argumentos.<\/strong><\/em><\/p>\n\n\n\n<p>As alega\u00e7\u00f5es aqui citadas, baseiam-se em estudos e no livro \u201cOs sete mitos da legaliza\u00e7\u00e3o da maconha\u201d, do soci\u00f3logo Kevin Sabet. Ele \u00e9 uma das refer\u00eancias mundiais no assunto, que mora em Colorado, Estados Unidos. Outro grande nome nesse tema \u00e9 o Dr. Ronaldo Laranjeira, que possui in\u00fameros estudos, artigos e palestras.<\/p>\n\n\n\n<p>O dr. Ronaldo Laranjeira fez o LENAD (Levantamento Nacional de \u00c1lcool e Drogas &#8211; 2012) que \u00e9 um estudo sobre o universo da maconha em nosso pa\u00eds. Nesse estudo, foi apontado que as mulheres que utilizam a droga, s\u00e3o as mais vulner\u00e1veis a um quadro depressivo. Ou seja, as pessoas usam a maconha como automedica\u00e7\u00e3o para depress\u00e3o, mas com o passar do tempo, o \u201cmedicamento\u201d gera uma piora do quadro cl\u00ednico.<\/p>\n\n\n\n<figure class=\"wp-block-image size-full is-resized\"><img loading=\"lazy\" decoding=\"async\" width=\"887\" height=\"700\" src=\"https:\/\/cerebrodedireita.com\/wp-content\/uploads\/2024\/01\/Grafico-10-inpad.org_.br_.png\" alt=\"\" class=\"wp-image-643\" style=\"width:725px;height:auto\" srcset=\"https:\/\/cerebrodedireita.com\/wp-content\/uploads\/2024\/01\/Grafico-10-inpad.org_.br_.png 887w, https:\/\/cerebrodedireita.com\/wp-content\/uploads\/2024\/01\/Grafico-10-inpad.org_.br_-300x237.png 300w, https:\/\/cerebrodedireita.com\/wp-content\/uploads\/2024\/01\/Grafico-10-inpad.org_.br_-768x606.png 768w\" sizes=\"auto, (max-width: 887px) 100vw, 887px\" \/><\/figure>\n\n\n\n<p>O primeiro mito a ser desvendado \u00e9 o de que a maconha \u00e9 inofensiva. No levantamento feito pelo LENAD podemos observar que cerca de 1\/3 dos usu\u00e1rios da maconha apresentam algum grau de depend\u00eancia. Nesse estudo foram feitas perguntas aos adultos e adolescentes, dentre as quais:<\/p>\n\n\n\n<ol class=\"wp-block-list\">\n<li><strong>J\u00e1 achou que o uso estava fora de controle?<\/strong> 41% dos adultos disseram que sim e 18% dos adolescentes disseram que sim (a adolesc\u00eancia nos faz pensar que estamos no controle de tudo. Acredite, eu j\u00e1 fui adolescente.)<\/li>\n\n\n\n<li><strong>J\u00e1 ficou ansioso ou preocupado com a ideia de n\u00e3o ter maconha?<\/strong> 36% dos adultos asseguram que sim e 23% dos adolescentes afirmam que tamb\u00e9m j\u00e1 se sentiram ansiosos e preocupados com a possibilidade de n\u00e3o ter a maconha.<\/li>\n\n\n\n<li><strong>J\u00e1 se preocupou com o uso da maconha? <\/strong>55% dos adultos afirmam que sim e 48% dos adolescentes confirmam essa preocupa\u00e7\u00e3o.<\/li>\n\n\n\n<li><strong>J\u00e1 quis parar?<\/strong>&nbsp; Essa pergunta teve uma resposta muito curiosa. 77% dos adultos confessaram que j\u00e1 quiseram parar e n\u00e3o conseguiram \u2013 e 70% dos adolescentes tamb\u00e9m confessaram seu desejo em parar o uso da droga.<\/li>\n\n\n\n<li><strong>Acha dif\u00edcil ficar sem a maconha?<\/strong> 54% dos adultos disseram que sim e 31% dos adolescentes tamb\u00e9m disseram que sim.<\/li>\n<\/ol>\n\n\n\n<h2 class=\"wp-block-heading\">Atentem-se, pois o potencial de depend\u00eancia da Cannabis \u00e9 bastante significativo! \u00c9 uma utopia achar que a droga n\u00e3o traz depend\u00eancia e destr\u00f3i vidas.<\/h2>\n\n\n\n<p>Baseado em uma das melhores evid\u00eancias cient\u00edficas dispon\u00edveis sobre o assunto, vamos observar o que a publica\u00e7\u00e3o do The New England Journal of Medicine relata sobre os efeitos adversos da droga, a curto e longo prazo.<\/p>\n\n\n\n<p>Os efeitos a curto prazo s\u00e3o:<\/p>\n\n\n\n<ul class=\"wp-block-list\">\n<li>A mem\u00f3ria de curto prazo \u00e9 altamente afetada.<\/li>\n\n\n\n<li>Preju\u00edzo na coordena\u00e7\u00e3o motora, por exemplo, dirigir e operar m\u00e1quinas.<\/li>\n\n\n\n<li>Altera\u00e7\u00e3o do julgamento. Ou seja, a pessoa tem comportamentos \u2013 que normalmente ela n\u00e3o teria. A pessoa se exp\u00f5e a situa\u00e7\u00f5es constrangedoras, comportamento sexual de risco e por a\u00ed vai. Isso tudo causado pelo preju\u00edzo do julgamento comportamental afetado pelo uso da cannabis.<\/li>\n\n\n\n<li>O uso da droga tamb\u00e9m causa esquizofrenia.<\/li>\n<\/ul>\n\n\n\n<figure class=\"wp-block-image size-full is-resized\"><img loading=\"lazy\" decoding=\"async\" width=\"887\" height=\"502\" src=\"https:\/\/cerebrodedireita.com\/wp-content\/uploads\/2024\/01\/Efeitos-a-curto-prazo-tabela-1.png\" alt=\"\" class=\"wp-image-649\" style=\"width:664px;height:auto\" srcset=\"https:\/\/cerebrodedireita.com\/wp-content\/uploads\/2024\/01\/Efeitos-a-curto-prazo-tabela-1.png 887w, https:\/\/cerebrodedireita.com\/wp-content\/uploads\/2024\/01\/Efeitos-a-curto-prazo-tabela-1-300x170.png 300w, https:\/\/cerebrodedireita.com\/wp-content\/uploads\/2024\/01\/Efeitos-a-curto-prazo-tabela-1-768x435.png 768w\" sizes=\"auto, (max-width: 887px) 100vw, 887px\" \/><\/figure>\n\n\n\n<p><\/p>\n\n\n\n<p>Os efeitos a longo prazo s\u00e3o:<\/p>\n\n\n\n<ul class=\"wp-block-list\">\n<li>A depend\u00eancia da droga.<\/li>\n\n\n\n<li>Altera\u00e7\u00e3o do desenvolvimento do c\u00e9rebro.<\/li>\n\n\n\n<li>Preju\u00edzos educacionais.<\/li>\n\n\n\n<li>Menos satisfa\u00e7\u00e3o na caminhada da vida e menos alcance de suas metas pessoais. O que os americanos chamam de \u201cDiminished life satisfaction and achievement\u201d.<\/li>\n\n\n\n<li>Bronquite cr\u00f4nica.<\/li>\n\n\n\n<li>Psicose cr\u00f4nica.<\/li>\n<\/ul>\n\n\n\n<figure class=\"wp-block-image size-full is-resized\"><img loading=\"lazy\" decoding=\"async\" width=\"887\" height=\"499\" src=\"https:\/\/cerebrodedireita.com\/wp-content\/uploads\/2024\/01\/Efeitos-a-longo-prazo.png\" alt=\"\" class=\"wp-image-650\" style=\"width:678px;height:auto\" srcset=\"https:\/\/cerebrodedireita.com\/wp-content\/uploads\/2024\/01\/Efeitos-a-longo-prazo.png 887w, https:\/\/cerebrodedireita.com\/wp-content\/uploads\/2024\/01\/Efeitos-a-longo-prazo-300x169.png 300w, https:\/\/cerebrodedireita.com\/wp-content\/uploads\/2024\/01\/Efeitos-a-longo-prazo-768x432.png 768w, https:\/\/cerebrodedireita.com\/wp-content\/uploads\/2024\/01\/Efeitos-a-longo-prazo-800x450.png 800w\" sizes=\"auto, (max-width: 887px) 100vw, 887px\" \/><\/figure>\n\n\n\n<p><\/p>\n\n\n\n<p>O t\u00e3o famoso lobby da maconha envolve v\u00e1rios riscos \u00e0 sa\u00fade e, em grande parte, interesses financeiros e ideol\u00f3gicos por conta de uma agenda pol\u00edtica. Se trata de uma campanha muito bem empenhada e financiada por bilion\u00e1rios. Como diz o apologista da maconha:<\/p>\n\n\n\n<h2 class=\"wp-block-heading\">\u201cMaconha medicinal \u00e9 usada como disfarce para dar um bom nome \u00e0 maconha.\u201d (Keith Stroup)<\/h2>\n\n\n\n<p>Para os defensores da descriminaliza\u00e7\u00e3o da droga, os fatos reais n\u00e3o importam, contanto que a narrativa seja bem contada e sua agenda pol\u00edtica\/ideol\u00f3gica seja disseminada.<\/p>\n\n\n\n<p>Na segunda parte desse artigo, abordaremos a situa\u00e7\u00e3o dos pa\u00edses em que a droga foi liberada e o que podemos aprender com esses exemplos.<\/p>\n\n\n\n<p><em>Cita\u00e7\u00f5es e conte\u00fados para pesquisa:<\/em><\/p>\n\n\n\n<figure class=\"wp-block-embed is-type-wp-embed is-provider-spdm-associa-o-paulista-para-o-desenvolvimento-da-medicina wp-block-embed-spdm-associa-o-paulista-para-o-desenvolvimento-da-medicina\"><div class=\"wp-block-embed__wrapper\">\n<blockquote class=\"wp-embedded-content\" data-secret=\"pxz4Lg1UKg\"><a href=\"https:\/\/spdm.org.br\/galeria-de-videos\/alcool-e-drogas\/maconha-e-esquizofrenia\/\">Maconha e Esquizofrenia<\/a><\/blockquote><iframe loading=\"lazy\" class=\"wp-embedded-content\" sandbox=\"allow-scripts\" security=\"restricted\" style=\"position: absolute; clip: rect(1px, 1px, 1px, 1px);\" title=\"&#8220;Maconha e Esquizofrenia&#8221; &#8212; SPDM - Associa\u00e7\u00e3o Paulista para o Desenvolvimento da Medicina\" src=\"https:\/\/spdm.org.br\/galeria-de-videos\/alcool-e-drogas\/maconha-e-esquizofrenia\/embed\/#?secret=SCftN88wpV#?secret=pxz4Lg1UKg\" data-secret=\"pxz4Lg1UKg\" width=\"600\" height=\"338\" frameborder=\"0\" marginwidth=\"0\" marginheight=\"0\" scrolling=\"no\"><\/iframe>\n<\/div><\/figure>\n\n\n\n<figure class=\"wp-block-embed is-type-wp-embed is-provider-spdm-associa-o-paulista-para-o-desenvolvimento-da-medicina wp-block-embed-spdm-associa-o-paulista-para-o-desenvolvimento-da-medicina\"><div class=\"wp-block-embed__wrapper\">\n<blockquote class=\"wp-embedded-content\" data-secret=\"XSG8dKTboQ\"><a href=\"https:\/\/spdm.org.br\/galeria-de-videos\/alcool-e-drogas\/palestra-a-dependencia-quimica-e-suas-comorbidades-por-dr-ronaldo-laranjeira\/\">Palestra &#8220;A Depend\u00eancia Qu\u00edmica e suas Comorbidades&#8221;, por Dr. Ronaldo Laranjeira<\/a><\/blockquote><iframe loading=\"lazy\" class=\"wp-embedded-content\" sandbox=\"allow-scripts\" security=\"restricted\" style=\"position: absolute; clip: rect(1px, 1px, 1px, 1px);\" title=\"&#8220;Palestra &#8220;A Depend\u00eancia Qu\u00edmica e suas Comorbidades&#8221;, por Dr. Ronaldo Laranjeira&#8221; &#8212; SPDM - Associa\u00e7\u00e3o Paulista para o Desenvolvimento da Medicina\" src=\"https:\/\/spdm.org.br\/galeria-de-videos\/alcool-e-drogas\/palestra-a-dependencia-quimica-e-suas-comorbidades-por-dr-ronaldo-laranjeira\/embed\/#?secret=rABKGrLHaj#?secret=XSG8dKTboQ\" data-secret=\"XSG8dKTboQ\" width=\"600\" height=\"338\" frameborder=\"0\" marginwidth=\"0\" marginheight=\"0\" scrolling=\"no\"><\/iframe>\n<\/div><\/figure>\n\n\n\n<p><a href=\"https:\/\/www.nejm.org\/doi\/pdf\/10.1056\/NEJMra1402309\">https:\/\/www.nejm.org\/doi\/pdf\/10.1056\/NEJMra1402309<\/a><\/p>\n\n\n\n<p><a href=\"https:\/\/inpad.org.br\/wp-content\/uploads\/2014\/03\/Lenad-II-Relat%C3%B3rio.pdf\">https:\/\/inpad.org.br\/wp-content\/uploads\/2014\/03\/Lenad-II-Relat%C3%B3rio.pdf<\/a><\/p>\n","protected":false},"excerpt":{"rendered":"<p>\u201cMaconha medicinal \u00e9 usada como disfarce para dar um bom nome \u00e0 maconha.\u201d (Keith Stroup)<\/p>\n","protected":false},"author":2,"featured_media":655,"comment_status":"open","ping_status":"open","sticky":false,"template":"","format":"standard","meta":{"footnotes":""},"categories":[3],"tags":[72,56,66],"class_list":["post-642","post","type-post","status-publish","format-standard","has-post-thumbnail","hentry","category-destaque","tag-cultura","tag-ideologia","tag-sociedade"],"_links":{"self":[{"href":"https:\/\/cerebrodedireita.com\/index.php?rest_route=\/wp\/v2\/posts\/642","targetHints":{"allow":["GET"]}}],"collection":[{"href":"https:\/\/cerebrodedireita.com\/index.php?rest_route=\/wp\/v2\/posts"}],"about":[{"href":"https:\/\/cerebrodedireita.com\/index.php?rest_route=\/wp\/v2\/types\/post"}],"author":[{"embeddable":true,"href":"https:\/\/cerebrodedireita.com\/index.php?rest_route=\/wp\/v2\/users\/2"}],"replies":[{"embeddable":true,"href":"https:\/\/cerebrodedireita.com\/index.php?rest_route=%2Fwp%2Fv2%2Fcomments&post=642"}],"version-history":[{"count":8,"href":"https:\/\/cerebrodedireita.com\/index.php?rest_route=\/wp\/v2\/posts\/642\/revisions"}],"predecessor-version":[{"id":654,"href":"https:\/\/cerebrodedireita.com\/index.php?rest_route=\/wp\/v2\/posts\/642\/revisions\/654"}],"wp:featuredmedia":[{"embeddable":true,"href":"https:\/\/cerebrodedireita.com\/index.php?rest_route=\/wp\/v2\/media\/655"}],"wp:attachment":[{"href":"https:\/\/cerebrodedireita.com\/index.php?rest_route=%2Fwp%2Fv2%2Fmedia&parent=642"}],"wp:term":[{"taxonomy":"category","embeddable":true,"href":"https:\/\/cerebrodedireita.com\/index.php?rest_route=%2Fwp%2Fv2%2Fcategories&post=642"},{"taxonomy":"post_tag","embeddable":true,"href":"https:\/\/cerebrodedireita.com\/index.php?rest_route=%2Fwp%2Fv2%2Ftags&post=642"}],"curies":[{"name":"wp","href":"https:\/\/api.w.org\/{rel}","templated":true}]}}