{"id":638,"date":"2024-01-25T22:32:24","date_gmt":"2024-01-26T01:32:24","guid":{"rendered":"https:\/\/cerebrodedireita.com\/?p=638"},"modified":"2023-12-25T23:24:05","modified_gmt":"2023-12-26T02:24:05","slug":"economia-e-politica-na-cosmovisao-crista","status":"publish","type":"post","link":"https:\/\/cerebrodedireita.com\/?p=638","title":{"rendered":"ECONOMIA E POL\u00cdTICA NA COSMOVIS\u00c3O CRIST\u00c3"},"content":{"rendered":"\n<p>Economia e Pol\u00edtica na Cosmovis\u00e3o Crist\u00e3 \u00e9 um livro que orienta e mostra como deve ser o comportamento de um pol\u00edtico, bem como devem ser tratadas as quest\u00f5es pol\u00edticas de uma sociedade, segundo o que a B\u00edblia mostra clara e objetivamente.<br><br>No primeiro cap\u00edtulo, o autor Wayne Grudem apresenta cinco ideias equivocadas e bem comuns que os crist\u00e3os e as igrejas possuem a respeito da pol\u00edtica na cosmovis\u00e3o crist\u00e3. S\u00e3o elas:<\/p>\n\n\n\n<ul class=\"wp-block-list\">\n<li>O governo deve impor a religi\u00e3o.<\/li>\n\n\n\n<li>O governo deve excluir a religi\u00e3o.<\/li>\n\n\n\n<li>Todo o governo \u00e9 perverso e demon\u00edaco.<\/li>\n\n\n\n<li>Dedique-se \u00e0 evangeliza\u00e7\u00e3o e n\u00e3o \u00e0 pol\u00edtica.<\/li>\n\n\n\n<li>Dedique-se \u00e0 pol\u00edtica e n\u00e3o \u00e0 evangeliza\u00e7\u00e3o.<\/li>\n<\/ul>\n\n\n\n<p>O autor analisa cada uma dessas ideias demonstrando suas falhas e o motivo de serem equivocadas &#8211; baseando-se biblicamente e em exemplos da hist\u00f3ria do cristianismo que refutam essas concep\u00e7\u00f5es.<\/p>\n\n\n\n<blockquote class=\"wp-block-quote is-layout-flow wp-block-quote-is-layout-flow\">\n<p><strong>&#8220;Sem a influ\u00eancia crist\u00e3, os governos n\u00e3o ter\u00e3o uma clara b\u00fassola moral.&#8221; (Pag. 46)<\/strong><\/p>\n<\/blockquote>\n\n\n\n<p>No segundo cap\u00edtulo, Grudem aborda o papel do governo na regula\u00e7\u00e3o do mercado e desigualdade econ\u00f4mica defendendo o posicionamento de uma economia de livre mercado. Atrav\u00e9s de textos b\u00edblicos o autor exp\u00f5e suas concep\u00e7\u00f5es que acredita ser apontamentos de advert\u00eancia contra os governos que tomam para si o que por direito leg\u00edtimo pertence \u00e0s pessoas, ensinando que a propriedade destes bens \u00e9, em geral, individual e n\u00e3o do Estado.<\/p>\n\n\n\n<p>A defini\u00e7\u00e3o de livre mercado para Wayne Grudem \u00e9: &#8220;Processo extraordin\u00e1rio concedido por Deus nas sociedades humanas, por meio da qual, em cada \u00e9poca, os bens e servi\u00e7os produzidos pela sociedade (oferta) se adaptam de modo constante e exato aos bens e servi\u00e7os desejados por ela (demanda) e por meio da qual a sociedade atribui um valor mensur\u00e1vel a cada bem e servi\u00e7o. Isso ocorre totalmente por meio das escolhas livres de cada pessoa na sociedade, e n\u00e3o por meio do controle governamental. Por\u00e9m esse processo precisa de alguma regula\u00e7\u00e3o do governo para evitar procedimentos errados, como roubo, fraude e quebra de contratos.&#8221; (Pag. 51)<\/p>\n\n\n\n<p>No terceiro cap\u00edtulo o autor responde o questionamento sobre o crist\u00e3o participar de protestos p\u00fablicos e tentativas de mudar o governo em situa\u00e7\u00f5es espec\u00edficas. E baseando-se tanto no Antigo Testamento quanto no Novo Testamento, Wayne Grudem ressalta que homens e mulheres tementes a Deus, desobedeceram \u00e0s autoridades governamentais em submiss\u00e3o ao Senhor.<\/p>\n\n\n\n<p>&#8220;Os protestos n\u00e3o s\u00e3o, necessariamente, destitu\u00eddos de espiritualidade, tampouco negam a soberania de Deus nos eventos terrenos, pois reconhecem que a soberania divina muita vezes opera POR MEIO DE a\u00e7\u00f5es humanas para realizar mudan\u00e7as, reconhecendo tamb\u00e9m que a a\u00e7\u00e3o eficaz do homem \u00e9 totalmente compat\u00edvel com uma grande f\u00e9 para crer que Deus atuar\u00e1 por meio de nossas a\u00e7\u00f5es, incluindo aquelas cujo prop\u00f3sito \u00e9 influenciar as pol\u00edticas de governo.&#8221; (p\u00e1g. 64)<\/p>\n\n\n\n<p>Observe o que est\u00e1 escrito em Romanos 13:1,2 &#8211; &#8220;Todos devem sujeitar-se \u00e0s autoridades do governo, pois n\u00e3o h\u00e1 autoridade que n\u00e3o venha de Deus, e as que existem foram ordenadas por ele. Por isso, quem recusa sujeitar-se \u00e0 autoridade op\u00f5e-se \u00e0 ordem de Deus.&#8221;<br><br>Da\u00ed a necessidade dos crist\u00e3os se manifestarem influenciando a pol\u00edtica e o governo ao lembrarem os governantes de sua responsabilidade perante o Deus que lhes conferiu o poder pol\u00edtico.<br><br>No quarto cap\u00edtulo os autores Barry Asmus e Wayne Grudem abordam a quest\u00e3o sobre os direitos de propriedade inerentes ao oitavo mandamento que s\u00e3o necess\u00e1rios para a prosperidade humana.<br><br>Ou seja, o direito \u00e0 propriedade privada implica certas responsabilidades em quanto seres humanos individuais e seres humanos inseridos em um contexto social &#8211; visto que somos administradores de bens que, em \u00faltima inst\u00e2ncia, pertencem ao pr\u00f3prio Deus (baseado no conhecimento b\u00edblico que se encontra em Salmos 24.1-10).<\/p>\n\n\n\n<blockquote class=\"wp-block-quote is-layout-flow wp-block-quote-is-layout-flow\">\n<p><strong>&#8220;A administra\u00e7\u00e3o fiel do que Deus nos confia exige o uso s\u00e1bio de TODOS os nossos bens, tempo, talentos e oportunidades.&#8221; (Pag. 87)<\/strong><\/p>\n<\/blockquote>\n\n\n\n<p>No quinto e \u00faltimo cap\u00edtulo, os autores exp\u00f5em as cinco mais importantes conven\u00e7\u00f5es que podem estar em risco, caso a sociedade abandone a cosmovis\u00e3o crist\u00e3. S\u00e3o elas:<\/p>\n\n\n\n<ol class=\"wp-block-list\">\n<li>Arriscamos perder a cren\u00e7a de que somos moralmente respons\u00e1veis perante Deus.<\/li>\n\n\n\n<li>Arriscamos perder a cren\u00e7a na bondade moral dos neg\u00f3cios.<\/li>\n\n\n\n<li>Corremos o risco de perder a cren\u00e7a na bondade da propriedade privada.<\/li>\n\n\n\n<li>Corremos o risco de perder a cren\u00e7a na bondade moral do trabalho produtivo.<\/li>\n\n\n\n<li>Corremos o risco de perder uma concep\u00e7\u00e3o do tempo e da hist\u00f3ria plenos de esperan\u00e7a.<\/li>\n<\/ol>\n\n\n\n<p>Mediante a leitura desse livro tenho a total convic\u00e7\u00e3o que os crist\u00e3os (independente de qualquer credo denominacional) devem influenciar e atuar na esfera governamental\/pol\u00edtica conforme os princ\u00edpios orientadores das Sagradas Escrituras a fim de que possamos contribuir para a paz, justi\u00e7a e o crescimento na sociedade em que vivemos.\u00a0<\/p>\n\n\n\n<p><\/p>\n\n\n\n<p><\/p>\n","protected":false},"excerpt":{"rendered":"<p>Sem a influ\u00eancia crist\u00e3, os governos n\u00e3o ter\u00e3o uma clara b\u00fassola moral.<\/p>\n","protected":false},"author":2,"featured_media":639,"comment_status":"open","ping_status":"open","sticky":false,"template":"","format":"standard","meta":{"footnotes":""},"categories":[2],"tags":[67,68,61,63],"class_list":["post-638","post","type-post","status-publish","format-standard","has-post-thumbnail","hentry","category-politica-e-religiao","tag-cidadania","tag-cristao","tag-politica","tag-religiao"],"_links":{"self":[{"href":"https:\/\/cerebrodedireita.com\/index.php?rest_route=\/wp\/v2\/posts\/638","targetHints":{"allow":["GET"]}}],"collection":[{"href":"https:\/\/cerebrodedireita.com\/index.php?rest_route=\/wp\/v2\/posts"}],"about":[{"href":"https:\/\/cerebrodedireita.com\/index.php?rest_route=\/wp\/v2\/types\/post"}],"author":[{"embeddable":true,"href":"https:\/\/cerebrodedireita.com\/index.php?rest_route=\/wp\/v2\/users\/2"}],"replies":[{"embeddable":true,"href":"https:\/\/cerebrodedireita.com\/index.php?rest_route=%2Fwp%2Fv2%2Fcomments&post=638"}],"version-history":[{"count":1,"href":"https:\/\/cerebrodedireita.com\/index.php?rest_route=\/wp\/v2\/posts\/638\/revisions"}],"predecessor-version":[{"id":640,"href":"https:\/\/cerebrodedireita.com\/index.php?rest_route=\/wp\/v2\/posts\/638\/revisions\/640"}],"wp:featuredmedia":[{"embeddable":true,"href":"https:\/\/cerebrodedireita.com\/index.php?rest_route=\/wp\/v2\/media\/639"}],"wp:attachment":[{"href":"https:\/\/cerebrodedireita.com\/index.php?rest_route=%2Fwp%2Fv2%2Fmedia&parent=638"}],"wp:term":[{"taxonomy":"category","embeddable":true,"href":"https:\/\/cerebrodedireita.com\/index.php?rest_route=%2Fwp%2Fv2%2Fcategories&post=638"},{"taxonomy":"post_tag","embeddable":true,"href":"https:\/\/cerebrodedireita.com\/index.php?rest_route=%2Fwp%2Fv2%2Ftags&post=638"}],"curies":[{"name":"wp","href":"https:\/\/api.w.org\/{rel}","templated":true}]}}