{"id":628,"date":"2023-12-24T12:00:59","date_gmt":"2023-12-24T15:00:59","guid":{"rendered":"https:\/\/cerebrodedireita.com\/?p=628"},"modified":"2023-12-25T11:51:37","modified_gmt":"2023-12-25T14:51:37","slug":"o-verdadeiro-sentido-do-natal","status":"publish","type":"post","link":"https:\/\/cerebrodedireita.com\/?p=628","title":{"rendered":"O VERDADEIRO SENTIDO DO NATAL"},"content":{"rendered":"\n<p>Porque Deus amou o mundo de tal maneira que deu o seu Filho unig\u00eanito, para que todo aquele que nele cr\u00ea n\u00e3o pere\u00e7a, mas tenha a vida eterna. Porque Deus enviou o seu Filho ao mundo, n\u00e3o para que julgasse o mundo, mas para que o mundo fosse salvo por ele. Quem cr\u00ea nele n\u00e3o \u00e9 julgado; mas quem n\u00e3o cr\u00ea, j\u00e1 est\u00e1 julgado; porquanto n\u00e3o cr\u00ea no nome do unig\u00eanito Filho de Deus. (Jo\u00e3o 3:16-18)<\/p>\n\n\n\n<p>Embora n\u00e3o seja a data oficial do nascimento de Jesus, o dia 25 de dezembro marca a vinda de Cristo ao mundo para que se cumpra tudo quanto Deus havia prometido.<\/p>\n\n\n\n<p>Mais de 2 mil anos se passaram e vivemos em um tempo que muitos se esqueceram do verdadeiro sentido do Natal. Sentido esse que precisa estar al\u00e9m da superficialidade da nossa pr\u00e1tica comum. Um sentido que deve ser a busca constante por elementos que sejam duradouros e permanentes na constru\u00e7\u00e3o das rela\u00e7\u00f5es humanas.<\/p>\n\n\n\n<p>O verdadeiro sentido do Natal deveria acontecer sempre como parte do nosso dia a dia, fixado em nossa mem\u00f3ria e celebrado em nosso cotidiano como algo intr\u00ednseco \u00e0 nossa f\u00e9 e que possa refletir o amor de Cristo por n\u00f3s.<\/p>\n\n\n\n<p>Seu infinito amor nos revela o qu\u00e3o importante somos para Ele. Independente da nossa cor, de onde moramos, do idioma que falamos ou quem somos, nada poder\u00e1 apagar seu eterno amor por cada ser humano criados \u00e0 sua imagem e semelhan\u00e7a. Por isso, o Natal \u00e9 comemorado como uma data essencial e de extrema import\u00e2ncia que marca a vinda do nosso Senhor e Salvador Jesus Cristo. Feliz Natal na\u00e7\u00e3o brasileira!<\/p>\n","protected":false},"excerpt":{"rendered":"<p>Mais de 2 mil anos se passaram e vivemos em um tempo que muitos se esqueceram do verdadeiro sentido do Natal. Sentido esse que precisa estar al\u00e9m da superficialidade da nossa pr\u00e1tica comum. Um sentido que deve ser a busca constante por elementos que sejam duradouros e permanentes na constru\u00e7\u00e3o das rela\u00e7\u00f5es humanas.<\/p>\n","protected":false},"author":2,"featured_media":629,"comment_status":"open","ping_status":"open","sticky":false,"template":"","format":"standard","meta":{"footnotes":""},"categories":[74],"tags":[68,72,53,63,66],"class_list":["post-628","post","type-post","status-publish","format-standard","has-post-thumbnail","hentry","category-politica-e-familia","tag-cristao","tag-cultura","tag-familia","tag-religiao","tag-sociedade"],"_links":{"self":[{"href":"https:\/\/cerebrodedireita.com\/index.php?rest_route=\/wp\/v2\/posts\/628","targetHints":{"allow":["GET"]}}],"collection":[{"href":"https:\/\/cerebrodedireita.com\/index.php?rest_route=\/wp\/v2\/posts"}],"about":[{"href":"https:\/\/cerebrodedireita.com\/index.php?rest_route=\/wp\/v2\/types\/post"}],"author":[{"embeddable":true,"href":"https:\/\/cerebrodedireita.com\/index.php?rest_route=\/wp\/v2\/users\/2"}],"replies":[{"embeddable":true,"href":"https:\/\/cerebrodedireita.com\/index.php?rest_route=%2Fwp%2Fv2%2Fcomments&post=628"}],"version-history":[{"count":1,"href":"https:\/\/cerebrodedireita.com\/index.php?rest_route=\/wp\/v2\/posts\/628\/revisions"}],"predecessor-version":[{"id":630,"href":"https:\/\/cerebrodedireita.com\/index.php?rest_route=\/wp\/v2\/posts\/628\/revisions\/630"}],"wp:featuredmedia":[{"embeddable":true,"href":"https:\/\/cerebrodedireita.com\/index.php?rest_route=\/wp\/v2\/media\/629"}],"wp:attachment":[{"href":"https:\/\/cerebrodedireita.com\/index.php?rest_route=%2Fwp%2Fv2%2Fmedia&parent=628"}],"wp:term":[{"taxonomy":"category","embeddable":true,"href":"https:\/\/cerebrodedireita.com\/index.php?rest_route=%2Fwp%2Fv2%2Fcategories&post=628"},{"taxonomy":"post_tag","embeddable":true,"href":"https:\/\/cerebrodedireita.com\/index.php?rest_route=%2Fwp%2Fv2%2Ftags&post=628"}],"curies":[{"name":"wp","href":"https:\/\/api.w.org\/{rel}","templated":true}]}}