{"id":619,"date":"2023-10-26T17:02:20","date_gmt":"2023-10-26T20:02:20","guid":{"rendered":"https:\/\/cerebrodedireita.com\/?p=619"},"modified":"2023-12-25T12:50:15","modified_gmt":"2023-12-25T15:50:15","slug":"o-som-da-liberdade","status":"publish","type":"post","link":"https:\/\/cerebrodedireita.com\/?p=619","title":{"rendered":"O SOM DA LIBERDADE"},"content":{"rendered":"\n<p>O filme \u201c<strong><em>Som da Liberdade<\/em><\/strong>\u201d (<em>Sound of Freedom<\/em>) rec\u00e9m estreado aqui no Brasil, j\u00e1 \u00e9 um grande sucesso de bilheteria. O longa estrelado por Jim Caviezel, o mesmo ator que interpretou Jesus em \u201c<strong><em>A Paix\u00e3o de Cristo<\/em><\/strong>\u201d, tornou-se um triunfo nas telas do cinema \u2013 mesmo com um tema \u201c<em>n\u00e3o vend\u00e1vel<\/em>\u201d e sendo boicotado pela m\u00eddia tradicional. Contrariando todas as expectativas, o longa metragem superou as bilheterias dos filmes \u201c<strong><em>Indiana Jones<\/em><\/strong>\u201d e \u201c<strong><em>Miss\u00e3o Imposs\u00edvel<\/em><\/strong>\u201d.<\/p>\n\n\n\n<p>\u201c<strong><em>Som da Liberdade<\/em><\/strong>\u201d caiu nas gra\u00e7as da popula\u00e7\u00e3o. \u00c9 quase imposs\u00edvel encontrar algu\u00e9m que n\u00e3o tenha sido impactado pela tem\u00e1tica do filme. Uma triste realidade que nos corr\u00f3i e nos faz chorar. E ao final da obra, o povo aplaude de p\u00e9!<\/p>\n\n\n\n<p><em>Mas o que motivou deixar um filme dessa magnitude, com esse n\u00edvel de crueldade e realidade, engavetado? O que poderia incentivar algu\u00e9m a ser contra seu lan\u00e7amento? Por que a grande m\u00eddia o rotulou de \u201cdel\u00edrio da extrema-direita\u201d e tentou sabot\u00e1-lo a todo custo? O que h\u00e1 por tr\u00e1s de tudo isso?<\/em><\/p>\n\n\n\n<p>O filme \u00e9 baseado na hist\u00f3ria real de Tim Ballard. Ballard \u00e9 um ex-agente da CIA que foi designado para a <strong>For\u00e7a-Tarefa de Crimes contra Crian\u00e7as na Internet<\/strong> e atuou como operador disfar\u00e7ado para a <strong>Equipe de Combate ao Turismo Sexual Infantil dos Estados Unidos.<\/strong> Atualmente, ele \u00e9 CEO da <strong><em>Operation Underground Railroad<\/em><\/strong>, uma organiza\u00e7\u00e3o totalmente voltada para desmantelar redes de tr\u00e1fico de crian\u00e7as e resgat\u00e1-las em todo o mundo.\u00a0<\/p>\n\n\n\n<p>Por outro lado, Jim Caviezel \u00e9 conhecido por participar de filmes que <strong>n\u00e3o est\u00e3o de acordo com as diretrizes da m\u00eddia progressista<\/strong>. Em entrevista com o professor e escritor canadense, Jordan Peterson (tamb\u00e9m odiado pela m\u00eddia esquerdista), Caviezel relata como foi assumir o risco de participar do filme e encarar o personagem.<\/p>\n\n\n\n<p><em>\u201cEu assumi o risco de participar desse papel porque quando voc\u00ea tem tr\u00eas crian\u00e7as que ama, que voc\u00ea daria sua vida por elas, isto se conecta ao Tim Ballard e ao que Tim fez por essa pequena menina e pelas crian\u00e7as que ele salva. \u00c9 algo que cumpre um prop\u00f3sito maior em sua carreira. Eu j\u00e1 passei por isso com Mel Gibson quando a gente filmou A Paix\u00e3o, a \u00faltima coisa que pensei naquele momento foi minha carreira. Eu pensei apenas no Deus que eu amo e em todo o amor que Ele devotou para mim. Eu n\u00e3o seria nada sem Ele. Ele me deu prop\u00f3sito, me deu a vida.\u201d<\/em> <sup>[1]<\/sup>&nbsp;<\/p>\n\n\n\n<p><em>\u201c\u00c9 necess\u00e1rio entender que pessoas boas se retraem e n\u00e3o fazem nada, o que permite que o mal ocorra. \u00c9 necess\u00e1rio que existam pessoas que se levantem no tempo em que esse mal ocorre e \u00e9 isto que me trouxe a essa hist\u00f3ria, a esse papel em primeiro lugar.\u201d<\/em> Afirmou Caviezel. <sup>[1]<\/sup><\/p>\n\n\n\n<p>A obra cinematogr\u00e1fica aborda a crueldade do ser humano que assola milhares de vidas: a pedofilia, o tr\u00e1fico de crian\u00e7as e a venda dos seus \u00f3rg\u00e3os. Em nenhum momento do filme \u00e9 mencionado partidos pol\u00edticos ou famosos nomes da esfera pol\u00edtica. Mesmo assim, o filme foi boicotado e a m\u00eddia progressista n\u00e3o quer que voc\u00ea veja. Por que?<\/p>\n\n\n\n<p>Literalmente, o filme \u00e9 baseado em quest\u00f5es humanas, valores intr\u00ednsecos \u00e0 vida de cada ser humano, tais como a liberdade. O filme mostra que o tr\u00e1fico sexual infantil \u00e9 um empreendimento internacional criminoso, que movimenta bilh\u00f5es e cresce muito r\u00e1pido em todo o mundo. Uma crian\u00e7a \u00e9 vendida mais de dez vezes! \u00c9 como se ela fosse um \u201cproduto reutiliz\u00e1vel\u201d. O ex-agente da CIA relata que mais de seis milh\u00f5es de crian\u00e7as s\u00e3o hoje v\u00edtimas dessa grande armadilha dos ped\u00f3filos. Em suas palavras:<\/p>\n\n\n\n<p><em>\u201cEssas s\u00e3o as fontes que temos e elas s\u00e3o as melhores. Eles dizem que h\u00e1 algo perto de 6 milh\u00f5es de crian\u00e7as que s\u00e3o for\u00e7adas \u00e0 escravid\u00e3o sexual, escravid\u00e3o laboral ou a coleta de \u00f3rg\u00e3o. E eu posso atestar porque estive envolvido em m\u00faltiplos casos em que h\u00e1 esses tr\u00eas tipos de escravid\u00e3o e \u00e9 um algo absolutamente real. E n\u00e3o \u00e9 algo que acontece longe de casa [&#8230;] os Estados Unidos \u00e9 um dos maiores consumidores de material infantil e estamos pr\u00f3ximos de sermos os primeiros em produ\u00e7\u00e3o.\u201d <\/em><sup>[1]<\/sup>&nbsp;<\/p>\n\n\n\n<p>O filme tem como objetivo denunciar toda rede de tr\u00e1fico de crian\u00e7as e adolescentes \u2013 tudo que a m\u00eddia progressista, deliberadamente, varre pra debaixo do grande tapete chamado: sociedade. \u00c9 espantoso quando Tim Ballard denuncia a omiss\u00e3o da m\u00eddia tradicional, porque, muitas vezes, ela \u00e9 grande parte do problema.<\/p>\n\n\n\n<p>Caviezel e Ballard alertam aos pais para sempre fiscalizarem o que seus filhos t\u00eam consumido na internet. A maioria dos ped\u00f3filos, fazem seu primeiro contato com as crian\u00e7as na internet, atrav\u00e9s de jogos online. S\u00e3o nesses meios de comunica\u00e7\u00e3o que os ped\u00f3filos conversam com as crian\u00e7as por horas a fio. Os pais, que deveriam cuidar e conversar com seus filhos, est\u00e3o muito ocupados com seus afazeres di\u00e1rios. Os pequeninos est\u00e3o cada vez mais vulner\u00e1veis as telas de celular, tablet e computador &#8211; se tornando presas f\u00e1ceis para os ped\u00f3filos. \u00c9 dever dos pais cuidarem e zelarem pelos seus filhos. \u00c9 nosso dever, enquanto cidad\u00e3os de bem, denunciar a pedofilia \u2013 pois \u00e9 um crime!&nbsp;<\/p>\n\n\n\n<p>A luta contra a pedofilia \u00e9 uma premissa b\u00e1sica e fundamental dos direitos humanos. A popula\u00e7\u00e3o precisa estar ciente, enfrentar o assunto e se manifestar.\u00a0<\/p>\n\n\n\n<p>Refer\u00eancia:<\/p>\n\n\n\n<p>[1] https:\/\/www.youtube.com\/watch?v=rTBGNEliczc (The Fight Against<br>Worldwide Child Slavery &amp; the Sex Trade \u2013 Jim Caviezel and Tim Ballard)<\/p>\n","protected":false},"excerpt":{"rendered":"<p>A luta contra a pedofilia \u00e9 uma premissa b\u00e1sica e fundamental dos direitos humanos. A popula\u00e7\u00e3o precisa estar ciente, enfrentar o assunto e se manifestar.\u00a0<\/p>\n","protected":false},"author":2,"featured_media":633,"comment_status":"open","ping_status":"open","sticky":false,"template":"","format":"standard","meta":{"footnotes":""},"categories":[3,74,39],"tags":[72,53,79,61,66],"class_list":["post-619","post","type-post","status-publish","format-standard","has-post-thumbnail","hentry","category-destaque","category-politica-e-familia","category-guerra-cultural","tag-cultura","tag-familia","tag-pedofilia","tag-politica","tag-sociedade"],"_links":{"self":[{"href":"https:\/\/cerebrodedireita.com\/index.php?rest_route=\/wp\/v2\/posts\/619","targetHints":{"allow":["GET"]}}],"collection":[{"href":"https:\/\/cerebrodedireita.com\/index.php?rest_route=\/wp\/v2\/posts"}],"about":[{"href":"https:\/\/cerebrodedireita.com\/index.php?rest_route=\/wp\/v2\/types\/post"}],"author":[{"embeddable":true,"href":"https:\/\/cerebrodedireita.com\/index.php?rest_route=\/wp\/v2\/users\/2"}],"replies":[{"embeddable":true,"href":"https:\/\/cerebrodedireita.com\/index.php?rest_route=%2Fwp%2Fv2%2Fcomments&post=619"}],"version-history":[{"count":1,"href":"https:\/\/cerebrodedireita.com\/index.php?rest_route=\/wp\/v2\/posts\/619\/revisions"}],"predecessor-version":[{"id":621,"href":"https:\/\/cerebrodedireita.com\/index.php?rest_route=\/wp\/v2\/posts\/619\/revisions\/621"}],"wp:featuredmedia":[{"embeddable":true,"href":"https:\/\/cerebrodedireita.com\/index.php?rest_route=\/wp\/v2\/media\/633"}],"wp:attachment":[{"href":"https:\/\/cerebrodedireita.com\/index.php?rest_route=%2Fwp%2Fv2%2Fmedia&parent=619"}],"wp:term":[{"taxonomy":"category","embeddable":true,"href":"https:\/\/cerebrodedireita.com\/index.php?rest_route=%2Fwp%2Fv2%2Fcategories&post=619"},{"taxonomy":"post_tag","embeddable":true,"href":"https:\/\/cerebrodedireita.com\/index.php?rest_route=%2Fwp%2Fv2%2Ftags&post=619"}],"curies":[{"name":"wp","href":"https:\/\/api.w.org\/{rel}","templated":true}]}}