{"id":564,"date":"2023-03-02T15:00:42","date_gmt":"2023-03-02T18:00:42","guid":{"rendered":"https:\/\/cerebrodedireita.com\/?p=564"},"modified":"2023-11-07T11:08:00","modified_gmt":"2023-11-07T14:08:00","slug":"a-fe-crista-e-a-cultura-ocidental","status":"publish","type":"post","link":"https:\/\/cerebrodedireita.com\/?p=564","title":{"rendered":"A F\u00c9 CRIST\u00c3 E A CULTURA OCIDENTAL"},"content":{"rendered":"\n<p><strong><em>No passado, n\u00e3o percebemos que t\u00ednhamos em nossas m\u00e3os a responsabilidade de frear os valores deturpados do progressismo. N\u00e3o nos demos conta que n\u00e3o se tratava somente de economia ou pol\u00edtica, mas dos valores fundamentais que regem o bem-estar das nossas fam\u00edlias e comp\u00f5em a sociedade. Nossas crian\u00e7as e fam\u00edlias t\u00eam pago um alto pre\u00e7o; nossa educa\u00e7\u00e3o e cultura tamb\u00e9m t\u00eam pago um alto pre\u00e7o; nossas igrejas t\u00eam pago um alt\u00edssimo pre\u00e7o. Agora, temos o dever de aprender com os erros do passado para que possamos quebrar com a domina\u00e7\u00e3o cultural que nos foi, sutilmente, imposta. (Sara Matsuda)<\/em><\/strong><\/p>\n\n\n\n<p>Em sua c\u00e9lebre frase \u201cUm povo que n\u00e3o conhece sua hist\u00f3ria, est\u00e1 fadado a repeti-la\u201d, Edmund Burke ressalta a import\u00e2ncia de conhecermos o processo hist\u00f3rico percorrido pela nossa civiliza\u00e7\u00e3o, para, ent\u00e3o, compreendermos o presente momento e intervir nesse ciclo vicioso de autodestrui\u00e7\u00e3o do indiv\u00edduo.<\/p>\n\n\n\n<p>A religi\u00e3o \u00e9 um dos fatores primordiais para a constru\u00e7\u00e3o do processo hist\u00f3rico. Ou seja, a religi\u00e3o fez, faz e SEMPRE FAR\u00c1 parte da din\u00e2mica humana. A religi\u00e3o \u00e9 inescap\u00e1vel ao processo de constru\u00e7\u00e3o de toda civiliza\u00e7\u00e3o. \u00c9 ineg\u00e1vel que no decorrer desse processo, correntes como o iluminismo, humanismo, niilismo e as que delas derivam, engrandeceram o homem \u2013 e suas vontades \u2013 em detrimento do transcendente e seus princ\u00edpios.<\/p>\n\n\n\n<p>Viver uma vida pautada nas convic\u00e7\u00f5es fundamentais da moral e \u00e9tica judaico-crist\u00e3 sa\u00edra de cena e dera lugar a cultura ef\u00eamera do prazer. Uma cultura caracterizada pela busca desenfreada em satisfazer-se a qualquer custo, jogando por terra tudo aquilo que nos diferencia do reino animal: a consci\u00eancia e a capacidade de analisar nossos atos.&nbsp;<\/p>\n\n\n\n<p><strong>A cultura da gratifica\u00e7\u00e3o instant\u00e2nea sobrepujou a ideia de que somente Deus \u00e9 a \u00fanica fonte capaz de transformar o homem e sua mente em algo bom e agrad\u00e1vel, tornando-o \u00fanico em seu sentido de vida e capacitado para exercer o prop\u00f3sito pelo qual cada um foi chamado.<\/strong> Isso corrobora com o que est\u00e1 escrito em Romanos 12:2: \u201cE n\u00e3o vos conformeis com este s\u00e9culo, mas transformai-vos pela renova\u00e7\u00e3o da vossa mente, para que experimenteis qual seja a boa, agrad\u00e1vel e perfeita vontade de Deus.\u201d Michael Oakeshott assertivamente nos diz que \u201cA esperan\u00e7a depende de encontrar algum fim a ser alcan\u00e7ado que \u00e9 maior do que um desejo meramente instant\u00e2neo.\u201d<\/p>\n\n\n\n<p>N\u00e3o se deixem enganar por fal\u00e1cias que visam o servilismo ideol\u00f3gico. A guerra espiritual \u00e9 desencadeada na esfera cultural \u2013 e a batalha \u00e9 travada na mente humana. O objetivo \u00e9 aprisionar as consci\u00eancias para que as pessoas percam sua personalidade, fazendo-as de massa de manobra \u2013 de tal forma que, cada indiv\u00edduo perca o dom\u00ednio sobre si, descaracterizando-se completamente enquanto ser humano racional, negando Aquele que o criou, segundo Sua pr\u00f3pria imagem e semelhan\u00e7a.<\/p>\n\n\n\n<p><strong>A mentalidade revolucion\u00e1ria quer aniquilar toda a influ\u00eancia que a cultura judaico-crist\u00e3 exerce na civiliza\u00e7\u00e3o ocidental. Quer romper com a cren\u00e7a de que somos mensageiros do Evangelho de Cristo, portadores de promessas e deposit\u00e1rios da moral e \u00e9tica que balizam e sustentam a sociedade de forma coesa.<\/strong><\/p>\n\n\n\n<p>N\u00f3s n\u00e3o seremos escravos dessas ideologias nefastas e n\u00e3o seremos corrompidos por elas. A vida pode nos desgastar ou nos afiar, mas isso depende do a\u00e7o que somos feitos. Onde h\u00e1 esperan\u00e7a h\u00e1 vontade de lutar e onde h\u00e1 vontade de lutar h\u00e1 um caminho (pensando no cruzamento de afirma\u00e7\u00f5es de Santo Agostinho e George Bernard Shaw).<\/p>\n\n\n\n<p><em>E respondeu-lhe Jesus: \u201cEu sou o caminho, a verdade e a vida. Ningu\u00e9m vem ao Pai, a n\u00e3o ser por mim.\u201d (Jo\u00e3o 14:6)<\/em><\/p>\n","protected":false},"excerpt":{"rendered":"<p>A religi\u00e3o \u00e9 um dos fatores primordiais para a constru\u00e7\u00e3o do processo hist\u00f3rico. Ou seja, a religi\u00e3o fez, faz e SEMPRE FAR\u00c1 parte da din\u00e2mica humana. A religi\u00e3o \u00e9 inescap\u00e1vel ao processo de constru\u00e7\u00e3o de toda civiliza\u00e7\u00e3o. \u00c9 ineg\u00e1vel que no decorrer desse processo, correntes como o iluminismo, humanismo, niilismo e as que delas derivam, engrandeceram o homem \u2013 e suas vontades \u2013 em detrimento do transcendente e seus princ\u00edpios.<\/p>\n","protected":false},"author":2,"featured_media":569,"comment_status":"open","ping_status":"open","sticky":false,"template":"","format":"standard","meta":{"footnotes":""},"categories":[39,4],"tags":[67,68,72,69,63,66],"class_list":["post-564","post","type-post","status-publish","format-standard","has-post-thumbnail","hentry","category-guerra-cultural","category-politica","tag-cidadania","tag-cristao","tag-cultura","tag-patria","tag-religiao","tag-sociedade"],"_links":{"self":[{"href":"https:\/\/cerebrodedireita.com\/index.php?rest_route=\/wp\/v2\/posts\/564","targetHints":{"allow":["GET"]}}],"collection":[{"href":"https:\/\/cerebrodedireita.com\/index.php?rest_route=\/wp\/v2\/posts"}],"about":[{"href":"https:\/\/cerebrodedireita.com\/index.php?rest_route=\/wp\/v2\/types\/post"}],"author":[{"embeddable":true,"href":"https:\/\/cerebrodedireita.com\/index.php?rest_route=\/wp\/v2\/users\/2"}],"replies":[{"embeddable":true,"href":"https:\/\/cerebrodedireita.com\/index.php?rest_route=%2Fwp%2Fv2%2Fcomments&post=564"}],"version-history":[{"count":1,"href":"https:\/\/cerebrodedireita.com\/index.php?rest_route=\/wp\/v2\/posts\/564\/revisions"}],"predecessor-version":[{"id":567,"href":"https:\/\/cerebrodedireita.com\/index.php?rest_route=\/wp\/v2\/posts\/564\/revisions\/567"}],"wp:featuredmedia":[{"embeddable":true,"href":"https:\/\/cerebrodedireita.com\/index.php?rest_route=\/wp\/v2\/media\/569"}],"wp:attachment":[{"href":"https:\/\/cerebrodedireita.com\/index.php?rest_route=%2Fwp%2Fv2%2Fmedia&parent=564"}],"wp:term":[{"taxonomy":"category","embeddable":true,"href":"https:\/\/cerebrodedireita.com\/index.php?rest_route=%2Fwp%2Fv2%2Fcategories&post=564"},{"taxonomy":"post_tag","embeddable":true,"href":"https:\/\/cerebrodedireita.com\/index.php?rest_route=%2Fwp%2Fv2%2Ftags&post=564"}],"curies":[{"name":"wp","href":"https:\/\/api.w.org\/{rel}","templated":true}]}}