{"id":562,"date":"2023-03-23T15:00:44","date_gmt":"2023-03-23T18:00:44","guid":{"rendered":"https:\/\/cerebrodedireita.com\/?p=562"},"modified":"2023-11-07T11:05:10","modified_gmt":"2023-11-07T14:05:10","slug":"o-que-e-politica","status":"publish","type":"post","link":"https:\/\/cerebrodedireita.com\/?p=562","title":{"rendered":"O QUE \u00c9 POL\u00cdTICA?"},"content":{"rendered":"\n<p>A palavra <em>POL\u00cdTICA<\/em>, do grego <em>politikos<\/em>, significa \u201c<em>aquilo que \u00e9 relativo ao cidad\u00e3o ou ao Estado<\/em>\u201d. Aponta para a arte e ci\u00eancia de governar. Nos tempos da Gr\u00e9cia Antiga, os gregos se reuniam em torno da <em>P\u00f3lis<\/em> (Cidades-estados). Foi a partir da necessidade de criar um sistema de organiza\u00e7\u00e3o e funcionamento das cidades-estados que surgiu a forma de governo, parecida com o que hoje denominamos de <em>POL\u00cdTICA.<\/em><\/p>\n\n\n\n<p>Para <strong>Arist\u00f3teles<\/strong><em> \u2013 fil\u00f3sofo grego que contribuiu grandemente para o estudo nesta \u00e1rea \u2013 o objetivo da Pol\u00edtica est\u00e1 centrado na organiza\u00e7\u00e3o social adequada para que a P\u00f3lis atue, em suas mais variadas \u00e1reas, de maneira justa e organizada para o <\/em>bom funcionamento entre os cidad\u00e3os e o Governo.<\/p>\n\n\n\n<p>Com o passar do tempo, leis foram criadas como um marco civilizat\u00f3rio. Assim, os cidad\u00e3os assumiram a tarefa de cumpri-la dentro de uma moraliza\u00e7\u00e3o e racionalidade humana. De forma que, observamos como princ\u00edpio democr\u00e1tico, a<em> formula\u00e7\u00e3o de leis.<\/em><\/p>\n\n\n\n<p>Assim posto, entendemos que o indiv\u00edduo tem uma fun\u00e7\u00e3o primordial em rela\u00e7\u00e3o ao fortalecimento da soberania, que \u00e9 desenvolver a sua individualidade, de maneira que enalte\u00e7a as virtudes morais e \u00e9ticas que norteiam o bem estar da P\u00f3lis.<\/p>\n\n\n\n<p>Coletivamente &#8211; representando a uni\u00e3o de esfor\u00e7os para um mesmo objetivo &#8211; leis s\u00e3o criadas. Entretanto, individualmente &#8211; como cidad\u00e3o part\u00edcipe da P\u00f3lis &#8211; n\u00f3s somos consagrados a elas. Analisar a cultura e entender o ordenamento jur\u00eddico de um Estado \u00e9 compreender o processo hist\u00f3rico evolutivo e democr\u00e1tico da civiliza\u00e7\u00e3o.<\/p>\n\n\n\n<p>Portanto, a lei conduz o cidad\u00e3o a um n\u00edvel de execu\u00e7\u00e3o da moralidade consigo mesmo e com o pr\u00f3ximo. E a pol\u00edtica \u00e9 o modo pelo qual compreendemos a atua\u00e7\u00e3o capaz de legitimar ou n\u00e3o determinadas condutas da vida em sociedade. A pol\u00edtica trata acerca dos valores, ou seja, das convic\u00e7\u00f5es dos cidad\u00e3os que comp\u00f5e a P\u00f3lis. \u00c9 a capacidade que um governo possui de influenciar e orientar as a\u00e7\u00f5es dos seus cidad\u00e3os.<\/p>\n","protected":false},"excerpt":{"rendered":"<p>Assim posto, entendemos que o indiv\u00edduo tem uma fun\u00e7\u00e3o primordial em rela\u00e7\u00e3o ao fortalecimento da soberania, que \u00e9 desenvolver a sua individualidade, de maneira que enalte\u00e7a as virtudes morais e \u00e9ticas que norteiam o bem estar da P\u00f3lis.<\/p>\n","protected":false},"author":2,"featured_media":533,"comment_status":"open","ping_status":"open","sticky":false,"template":"","format":"standard","meta":{"footnotes":""},"categories":[4],"tags":[72,61],"class_list":["post-562","post","type-post","status-publish","format-standard","has-post-thumbnail","hentry","category-politica","tag-cultura","tag-politica"],"_links":{"self":[{"href":"https:\/\/cerebrodedireita.com\/index.php?rest_route=\/wp\/v2\/posts\/562","targetHints":{"allow":["GET"]}}],"collection":[{"href":"https:\/\/cerebrodedireita.com\/index.php?rest_route=\/wp\/v2\/posts"}],"about":[{"href":"https:\/\/cerebrodedireita.com\/index.php?rest_route=\/wp\/v2\/types\/post"}],"author":[{"embeddable":true,"href":"https:\/\/cerebrodedireita.com\/index.php?rest_route=\/wp\/v2\/users\/2"}],"replies":[{"embeddable":true,"href":"https:\/\/cerebrodedireita.com\/index.php?rest_route=%2Fwp%2Fv2%2Fcomments&post=562"}],"version-history":[{"count":1,"href":"https:\/\/cerebrodedireita.com\/index.php?rest_route=\/wp\/v2\/posts\/562\/revisions"}],"predecessor-version":[{"id":563,"href":"https:\/\/cerebrodedireita.com\/index.php?rest_route=\/wp\/v2\/posts\/562\/revisions\/563"}],"wp:featuredmedia":[{"embeddable":true,"href":"https:\/\/cerebrodedireita.com\/index.php?rest_route=\/wp\/v2\/media\/533"}],"wp:attachment":[{"href":"https:\/\/cerebrodedireita.com\/index.php?rest_route=%2Fwp%2Fv2%2Fmedia&parent=562"}],"wp:term":[{"taxonomy":"category","embeddable":true,"href":"https:\/\/cerebrodedireita.com\/index.php?rest_route=%2Fwp%2Fv2%2Fcategories&post=562"},{"taxonomy":"post_tag","embeddable":true,"href":"https:\/\/cerebrodedireita.com\/index.php?rest_route=%2Fwp%2Fv2%2Ftags&post=562"}],"curies":[{"name":"wp","href":"https:\/\/api.w.org\/{rel}","templated":true}]}}