{"id":560,"date":"2023-05-04T15:33:46","date_gmt":"2023-05-04T18:33:46","guid":{"rendered":"https:\/\/cerebrodedireita.com\/?p=560"},"modified":"2023-11-07T11:17:23","modified_gmt":"2023-11-07T14:17:23","slug":"por-que-nao-sou-feminista","status":"publish","type":"post","link":"https:\/\/cerebrodedireita.com\/?p=560","title":{"rendered":"POR QUE N\u00c3O SOU FEMINISTA?"},"content":{"rendered":"\n<p>No mundo atual vivenciamos uma guerra ideol\u00f3gica. Nesse cen\u00e1rio, temos o embate entre o feminismo e a cosmovis\u00e3o crist\u00e3, os quais se chocam, eis que, possuem vertentes totalmente diferentes.<br><br>O movimento feminista tem como uma de suas vertentes culparem os homens, o sistema governamental, a sociedade como um todo por faz\u00ea-las viver de uma forma oprimida e dif\u00edcil. Nesse sentido, a mulher sempre seria v\u00edtima da sociedade onde vive, uma vez que, a todo e qualquer tempo, estaria sendo oprimida pelo <strong>\u201cpatriarcado\u201d<\/strong>.<br><br>No movimento feminista h\u00e1 exig\u00eancias de fardos emocionais e espirituais pesados demais, como por exemplo, fazer do aborto e da liberalidade sexual a &#8220;bandeira&#8221; das mulheres. Tais posicionamentos, na verdade, n\u00e3o trazem qualquer liberdade, mas sim, transformam a mulher em um objeto descart\u00e1vel, sem emo\u00e7\u00f5es, desprovida de amor pela vida que \u00e9 a pr\u00f3pria ess\u00eancia feminina.<br><br>Corroborando tal pensamento, temos ainda que, o movimento feminista tornou a casualidade sexual uma necessidade da mulher. No entanto, o que temos na verdade foram anos de deprava\u00e7\u00e3o que, por sua vez, resultaram em doen\u00e7as sexualmente transmiss\u00edveis, gravidez indesejada, abortos e muito sofrimento emocional, sentimental e espiritual.<br><br>As feministas fazem das suas escolhas pessoais (isto \u00e9, sua vis\u00e3o particular) um problema social, quando na verdade, seus posicionamentos pessoais dizem respeito a elas pr\u00f3prias e n\u00e3o ao todo.<br><br>Ao contr\u00e1rio do que prega o movimento feminista e seu resultado, temos o exemplo de Jesus, o qual foi crucificado no madeiro pelos pecados da humanidade. <strong>Tudo isso para que hoje pud\u00e9ssemos t\u00ea-lo como um exemplo de pessoa que tudo venceu atrav\u00e9s do seu amor, da sua sabedoria e de grande miseric\u00f3rdia para com a humanidade.<\/strong><br><br><strong><em>Diferente do feminismo, Jesus n\u00e3o fez rebeli\u00e3o, mas enfrentou o calv\u00e1rio com determina\u00e7\u00e3o.<\/em><\/strong><br><br>Assim, se aparecem obst\u00e1culos diante de mim, eles n\u00e3o ser\u00e3o as raz\u00f5es para minha revolta, para que eu reclame do mundo ao meu redor. Como exemplo de Cristo quero estar pronta para tudo enfrentar. N\u00e3o exigindo e reclamando ou lutando contra tudo e todos, mas mostrando a todos o que eu posso fazer para tornar o ambiente em que vivo cada vez melhor.<br><br>N\u00e3o quero e n\u00e3o serei uma mulher como elas. Quero ser uma mulher que segue os padr\u00f5es b\u00edblicos, que n\u00e3o erra o caminho. Que apesar das lutas, dos obst\u00e1culos ou dos estigmas sociais que possa vir a existir, eu possa dizer como est\u00e1 escrito &#8220;Combati o bom combate, acabei a carreira, guardei a f\u00e9.&#8221; (2 Tim\u00f3teo 4:7).<br><br><strong>N\u00e3o sou feminista porque eu quero o modelo de liberdade que Cristo conquistou para mim. Modelo esse que \u00e9 a obedi\u00eancia b\u00edblica pela f\u00e9, que me d\u00e1 a possibilidade de antever um futuro de paz, que s\u00f3 terei no Senhor Jesus.<\/strong><\/p>\n","protected":false},"excerpt":{"rendered":"<p>As feministas fazem das suas escolhas pessoais (isto \u00e9, sua vis\u00e3o particular) um problema social, quando na verdade, seus posicionamentos pessoais dizem respeito a elas pr\u00f3prias e n\u00e3o ao todo.<\/p>\n","protected":false},"author":2,"featured_media":530,"comment_status":"open","ping_status":"open","sticky":false,"template":"","format":"standard","meta":{"footnotes":""},"categories":[9],"tags":[67,68,54,56,63,66],"class_list":["post-560","post","type-post","status-publish","format-standard","has-post-thumbnail","hentry","category-feminismo","tag-cidadania","tag-cristao","tag-feminismo","tag-ideologia","tag-religiao","tag-sociedade"],"_links":{"self":[{"href":"https:\/\/cerebrodedireita.com\/index.php?rest_route=\/wp\/v2\/posts\/560","targetHints":{"allow":["GET"]}}],"collection":[{"href":"https:\/\/cerebrodedireita.com\/index.php?rest_route=\/wp\/v2\/posts"}],"about":[{"href":"https:\/\/cerebrodedireita.com\/index.php?rest_route=\/wp\/v2\/types\/post"}],"author":[{"embeddable":true,"href":"https:\/\/cerebrodedireita.com\/index.php?rest_route=\/wp\/v2\/users\/2"}],"replies":[{"embeddable":true,"href":"https:\/\/cerebrodedireita.com\/index.php?rest_route=%2Fwp%2Fv2%2Fcomments&post=560"}],"version-history":[{"count":1,"href":"https:\/\/cerebrodedireita.com\/index.php?rest_route=\/wp\/v2\/posts\/560\/revisions"}],"predecessor-version":[{"id":561,"href":"https:\/\/cerebrodedireita.com\/index.php?rest_route=\/wp\/v2\/posts\/560\/revisions\/561"}],"wp:featuredmedia":[{"embeddable":true,"href":"https:\/\/cerebrodedireita.com\/index.php?rest_route=\/wp\/v2\/media\/530"}],"wp:attachment":[{"href":"https:\/\/cerebrodedireita.com\/index.php?rest_route=%2Fwp%2Fv2%2Fmedia&parent=560"}],"wp:term":[{"taxonomy":"category","embeddable":true,"href":"https:\/\/cerebrodedireita.com\/index.php?rest_route=%2Fwp%2Fv2%2Fcategories&post=560"},{"taxonomy":"post_tag","embeddable":true,"href":"https:\/\/cerebrodedireita.com\/index.php?rest_route=%2Fwp%2Fv2%2Ftags&post=560"}],"curies":[{"name":"wp","href":"https:\/\/api.w.org\/{rel}","templated":true}]}}