{"id":558,"date":"2023-05-11T15:21:41","date_gmt":"2023-05-11T18:21:41","guid":{"rendered":"https:\/\/cerebrodedireita.com\/?p=558"},"modified":"2023-11-07T11:15:53","modified_gmt":"2023-11-07T14:15:53","slug":"as-reais-intencoes-do-movimento-feminista","status":"publish","type":"post","link":"https:\/\/cerebrodedireita.com\/?p=558","title":{"rendered":"AS REAIS INTEN\u00c7\u00d5ES DO MOVIMENTO FEMINISTA"},"content":{"rendered":"\n<p>A fidedigna ci\u00eancia, ou seja, aquela que possui seriedade e \u00e9 c\u00f4nscia, nos mostrou atrav\u00e9s de suas pesquisas <strong>que existem diferen\u00e7as biol\u00f3gicas inatas entre homens e mulheres.<\/strong> Entendendo tais diferen\u00e7as inatas, percebemos que as feministas lutam contra as pr\u00f3prias mulheres.<br><br>Atualmente, contamos com a veracidade de dados, pesquisas e diversas bibliografias (dentre elas, o livro da escritora brasileira Ana Campagnolo &#8211; Feminismo: Pervers\u00e3o e Subvers\u00e3o &#8211; que super indico a leitura).<br><br>Desse modo, passamos a ter conhecimento acerca das reais inten\u00e7\u00f5es do movimento feminista e o que elas guardam a sete chaves, na tentativa de esconder os verdadeiros acontecimentos <strong>que desnudam e jogam por terra toda fal\u00e1cia feminista.<\/strong><strong><br><\/strong><br>Atrav\u00e9s da <strong>desconstru\u00e7\u00e3o de padr\u00f5es identit\u00e1rios<\/strong>, sobre os quais as fam\u00edlias s\u00e3o constru\u00eddas e meninos e meninas s\u00e3o criados, as feministas atuam fervorosamente <strong>valendo-se de roupagens atrav\u00e9s das pol\u00edticas p\u00fablicas para o &#8220;bem estar&#8221; e a &#8220;igualdade de benef\u00edcios e direitos&#8221; da mulher perante a sociedade, as feministas maquiam seus reais objetivos<\/strong>.<br><br>Precisamos desmascarar e entender os reais objetos do feminismo, que s\u00e3o:<br><br>a) A subvers\u00e3o da pr\u00f3pria no\u00e7\u00e3o e ideia da ess\u00eancia feminina. Causando a deturpa\u00e7\u00e3o da sua identidade, acarretando em outros fatores como a ideologia de g\u00eanero, o padr\u00e3o gay, a exalta\u00e7\u00e3o do lesbianismo, a pedofilia e o incesto, dentre outros.<\/p>\n\n\n\n<p>b) <strong>A legaliza\u00e7\u00e3o do aborto<\/strong> com o argumento p\u00edfio de &#8220;meu corpo minhas regras&#8221;. Reproduzindo assim, gera\u00e7\u00e3o ap\u00f3s gera\u00e7\u00e3o, um comportamento de promiscuidade n\u00e3o admitindo a responsabilidade pela vida que poder\u00e1 surgir daquela rela\u00e7\u00e3o sexual. Uma vez que, o aborto ser\u00e1 a op\u00e7\u00e3o mais desejada mediante aquela gravidez &#8211; na maioria das vezes &#8211; n\u00e3o desejada.<\/p>\n\n\n\n<p>c) Atrav\u00e9s do sistema educacional, introjetar na crian\u00e7a (em sua tenra idade) a <strong>&#8220;educa\u00e7\u00e3o&#8221; sexual<\/strong>, fazendo com que ela internalize e aceite como normal &#8220;todas as formas de amor&#8221;. E, com o passar do tempo, teremos uma sociedade que absorve e pratica a libertinagem como um ato de liberdade.<\/p>\n\n\n\n<p>d) <strong>A destrui\u00e7\u00e3o por completo dos princ\u00edpios morais e \u00e9ticos fundamentados na B\u00edblia<\/strong>. Levando a aniquila\u00e7\u00e3o da igreja (religi\u00e3o) e a destrui\u00e7\u00e3o do conceito de fam\u00edlia tradicional (nuclear).<\/p>\n\n\n\n<p>O feminismo \u00e9 uma ideologia nefasta e demon\u00edaca que &#8211; atrav\u00e9s das suas pautas &#8211; querem perverter nossas crian\u00e7as, arruinar nossas fam\u00edlias, deturpar nossa identidade e eliminar o cristianismo.<\/p>\n\n\n\n<p><strong><em>N\u00e3o se engane, pois essa ideologia \u00e9 a bandeira da nova esquerda. Trata-se de uma nova apar\u00eancia para o socialismo, para o novo marxismo e para a cultura identit\u00e1ria. \u00c9 a nova forma como as ideias de esquerda se apresentam.<\/em><\/strong><\/p>\n","protected":false},"excerpt":{"rendered":"<p>Atrav\u00e9s da desconstru\u00e7\u00e3o de padr\u00f5es identit\u00e1rios, sobre os quais as fam\u00edlias s\u00e3o constru\u00eddas e meninos e meninas s\u00e3o criados, as feministas atuam fervorosamente valendo-se de roupagens atrav\u00e9s das pol\u00edticas p\u00fablicas para o &#8220;bem estar&#8221; e a &#8220;igualdade de benef\u00edcios e direitos&#8221; da mulher perante a sociedade, as feministas maquiam seus reais objetivos.<\/p>\n","protected":false},"author":2,"featured_media":532,"comment_status":"open","ping_status":"open","sticky":false,"template":"","format":"standard","meta":{"footnotes":""},"categories":[9],"tags":[47,72,53,54,71,56,59,66],"class_list":["post-558","post","type-post","status-publish","format-standard","has-post-thumbnail","hentry","category-feminismo","tag-aborto","tag-cultura","tag-familia","tag-feminismo","tag-identidade","tag-ideologia","tag-patriarcado","tag-sociedade"],"_links":{"self":[{"href":"https:\/\/cerebrodedireita.com\/index.php?rest_route=\/wp\/v2\/posts\/558","targetHints":{"allow":["GET"]}}],"collection":[{"href":"https:\/\/cerebrodedireita.com\/index.php?rest_route=\/wp\/v2\/posts"}],"about":[{"href":"https:\/\/cerebrodedireita.com\/index.php?rest_route=\/wp\/v2\/types\/post"}],"author":[{"embeddable":true,"href":"https:\/\/cerebrodedireita.com\/index.php?rest_route=\/wp\/v2\/users\/2"}],"replies":[{"embeddable":true,"href":"https:\/\/cerebrodedireita.com\/index.php?rest_route=%2Fwp%2Fv2%2Fcomments&post=558"}],"version-history":[{"count":1,"href":"https:\/\/cerebrodedireita.com\/index.php?rest_route=\/wp\/v2\/posts\/558\/revisions"}],"predecessor-version":[{"id":559,"href":"https:\/\/cerebrodedireita.com\/index.php?rest_route=\/wp\/v2\/posts\/558\/revisions\/559"}],"wp:featuredmedia":[{"embeddable":true,"href":"https:\/\/cerebrodedireita.com\/index.php?rest_route=\/wp\/v2\/media\/532"}],"wp:attachment":[{"href":"https:\/\/cerebrodedireita.com\/index.php?rest_route=%2Fwp%2Fv2%2Fmedia&parent=558"}],"wp:term":[{"taxonomy":"category","embeddable":true,"href":"https:\/\/cerebrodedireita.com\/index.php?rest_route=%2Fwp%2Fv2%2Fcategories&post=558"},{"taxonomy":"post_tag","embeddable":true,"href":"https:\/\/cerebrodedireita.com\/index.php?rest_route=%2Fwp%2Fv2%2Ftags&post=558"}],"curies":[{"name":"wp","href":"https:\/\/api.w.org\/{rel}","templated":true}]}}